{"id":8299,"date":"2023-08-09T11:13:39","date_gmt":"2023-08-09T09:13:39","guid":{"rendered":"https:\/\/www.ess-rv.de\/?p=8299"},"modified":"2023-08-09T11:13:39","modified_gmt":"2023-08-09T09:13:39","slug":"fachhochschulabschluss-des-1bkfh","status":"publish","type":"post","link":"https:\/\/www.ess-rv.de\/?p=8299","title":{"rendered":"Fachhochschulabschluss des 1BKFH"},"content":{"rendered":"<p><a href=\"https:\/\/www.ess-rv.de\/wp-content\/uploads\/2023\/08\/BKFH-e1691572283927.jpg\"><img loading=\"lazy\" decoding=\"async\" src=\"https:\/\/www.ess-rv.de\/wp-content\/uploads\/2023\/08\/BKFH-e1691572283927.jpg\" alt=\"\" width=\"1024\" height=\"715\" class=\"alignnone size-full wp-image-8300\" \/><\/a><\/p>\n<p>Am Ende dieses Schuljahres konnten wir allen 17 Sch\u00fclerinnen und Sch\u00fcler der 1BKFH den Abschluss der Fachhochschulreife \u00fcberreichen. Wir w\u00fcnschen unseren erfolgreichen Sch\u00fclerinnen und Sch\u00fclern in Anerkennung ihrer tollen Leistung alles Gute f\u00fcr die Zukunft und ihren weiteren beruflichen Werdegang!<\/p>\n","protected":false},"excerpt":{"rendered":"<p>Am Ende dieses Schuljahres konnten wir allen 17 Sch\u00fclerinnen und Sch\u00fcler der 1BKFH den Abschluss der Fachhochschulreife \u00fcberreichen. Wir w\u00fcnschen unseren erfolgreichen Sch\u00fclerinnen und Sch\u00fclern in Anerkennung ihrer tollen Leistung alles Gute f\u00fcr die Zukunft und ihren weiteren beruflichen Werdegang!<\/p>\n","protected":false},"author":3,"featured_media":0,"comment_status":"closed","ping_status":"closed","sticky":false,"template":"","format":"standard","meta":{"footnotes":"","_links_to":"","_links_to_target":""},"categories":[477,18,7,2,196,33],"tags":[471,146,77,90,49],"class_list":["post-8299","post","type-post","status-publish","format-standard","hentry","category-1bkfh","category-ausserschulische-veranstaltung","category-berufskolleg","category-bildungsangebot","category-verabschiedung","category-veranstaltung","tag-2022-2023","tag-abschlussfeier","tag-berufskolleg","tag-fachhochschulreife","tag-ravensburg"],"_links":{"self":[{"href":"https:\/\/www.ess-rv.de\/index.php?rest_route=\/wp\/v2\/posts\/8299","targetHints":{"allow":["GET"]}}],"collection":[{"href":"https:\/\/www.ess-rv.de\/index.php?rest_route=\/wp\/v2\/posts"}],"about":[{"href":"https:\/\/www.ess-rv.de\/index.php?rest_route=\/wp\/v2\/types\/post"}],"author":[{"embeddable":true,"href":"https:\/\/www.ess-rv.de\/index.php?rest_route=\/wp\/v2\/users\/3"}],"replies":[{"embeddable":true,"href":"https:\/\/www.ess-rv.de\/index.php?rest_route=%2Fwp%2Fv2%2Fcomments&post=8299"}],"version-history":[{"count":1,"href":"https:\/\/www.ess-rv.de\/index.php?rest_route=\/wp\/v2\/posts\/8299\/revisions"}],"predecessor-version":[{"id":8301,"href":"https:\/\/www.ess-rv.de\/index.php?rest_route=\/wp\/v2\/posts\/8299\/revisions\/8301"}],"wp:attachment":[{"href":"https:\/\/www.ess-rv.de\/index.php?rest_route=%2Fwp%2Fv2%2Fmedia&parent=8299"}],"wp:term":[{"taxonomy":"category","embeddable":true,"href":"https:\/\/www.ess-rv.de\/index.php?rest_route=%2Fwp%2Fv2%2Fcategories&post=8299"},{"taxonomy":"post_tag","embeddable":true,"href":"https:\/\/www.ess-rv.de\/index.php?rest_route=%2Fwp%2Fv2%2Ftags&post=8299"}],"curies":[{"name":"wp","href":"https:\/\/api.w.org\/{rel}","templated":true}]}}