{"id":832,"date":"2014-09-28T20:47:35","date_gmt":"2014-09-28T19:47:35","guid":{"rendered":"http:\/\/www.ess-rv.de\/?p=832"},"modified":"2015-03-24T11:46:14","modified_gmt":"2015-03-24T10:46:14","slug":"kunstprojekt-im-religionsunterricht","status":"publish","type":"post","link":"https:\/\/www.ess-rv.de\/?p=832","title":{"rendered":"Kunstprojekt im Religionsunterricht"},"content":{"rendered":"<p><a href=\"http:\/\/www.ess-rv.de\/wp-content\/uploads\/2015\/03\/2014_11_06_08_07_06_Kunstnachtv.jpg\"><img loading=\"lazy\" decoding=\"async\" class=\"alignleft size-medium wp-image-833\" src=\"http:\/\/www.ess-rv.de\/wp-content\/uploads\/2015\/03\/2014_11_06_08_07_06_Kunstnachtv-300x169.jpg\" alt=\"Sch\u00fclerinnen beim Projekt &quot;Wer bin ich?&quot; im Fach Religion\" width=\"300\" height=\"169\" \/><\/a>&#8222;Wer bin ich?\u201c- Dieser Frage ist die Joel Jugendkirche zusammen mit Sch\u00fclerinnen und Sch\u00fclern der Edith-Stein-Schule auf den Grund gegangen und hat f\u00fcr die diesj\u00e4hrige Kunstnacht am 27. September 2014 in Ravensburg eine Ausstellung \u00fcber biblische Personen gestaltet. Besucher und Interessierte hatten dabei die M\u00f6glichkeit, dem Bibelpersonal auf neue Art und Weise zu begegnen. Neu, weil die Sch\u00fclerinnen und Sch\u00fcler im Rahmen des Religionsunterrichts unter der Leitung von Frau Sch\u00e4fer die Personen <!--more-->der Bibel in Menschen unserer heutigen Gesellschaft uminterpretiert haben. Gearbeitet wurde mit Per\u00fccken, Kleidung, Schuhen, Sonnenbrillen, aber auch Schminke und viel Farbe. Beim Aufbau der Schaufensterpuppen, die die biblischen Personen darstellten, wurde die Klasse von den Mitarbeitern der Jugendkirche, die auch f\u00fcr die zahlreichen und gro\u00dfartigen Lichteffekte der Ausstellung verantwortlich waren, unterst\u00fctzt und betreut.<br \/>\nDie Vorbereitungen und Arbeiten an dem Projekt haben sehr viel Spa\u00df gemacht, die Ausstellung war ein gro\u00dfer Erfolg. F\u00fcr die problemlose Verwirklichung, Unterst\u00fctzung und Beratung gilt unser Dank der Joel Jugendkirche, der Offenen Mitte St. Jodok sowie unserem Hausmeister Herrn Frater und Frau Sch\u00e4fer.<\/p>\n","protected":false},"excerpt":{"rendered":"<p>&#8222;Wer bin ich?\u201c- Dieser Frage ist die Joel Jugendkirche zusammen mit Sch\u00fclerinnen und Sch\u00fclern der Edith-Stein-Schule auf den Grund gegangen und hat f\u00fcr die diesj\u00e4hrige Kunstnacht am 27. September 2014 in Ravensburg eine Ausstellung \u00fcber biblische Personen gestaltet. Besucher und Interessierte hatten dabei die M\u00f6glichkeit, dem Bibelpersonal auf neue Art und Weise zu begegnen. Neu, &hellip; <a href=\"https:\/\/www.ess-rv.de\/?p=832\" class=\"more-link\"><span class=\"screen-reader-text\">Kunstprojekt im Religionsunterricht<\/span> weiterlesen <span class=\"meta-nav\">&rarr;<\/span><\/a><\/p>\n","protected":false},"author":3,"featured_media":0,"comment_status":"closed","ping_status":"closed","sticky":false,"template":"","format":"standard","meta":{"footnotes":"","_links_to":"","_links_to_target":""},"categories":[18,29,2,106,33],"tags":[93,67,49,121],"class_list":["post-832","post","type-post","status-publish","format-standard","hentry","category-ausserschulische-veranstaltung","category-berufliche-gymnasien","category-bildungsangebot","category-kunst","category-veranstaltung","tag-2014-2015","tag-projekt","tag-ravensburg","tag-religion"],"_links":{"self":[{"href":"https:\/\/www.ess-rv.de\/index.php?rest_route=\/wp\/v2\/posts\/832","targetHints":{"allow":["GET"]}}],"collection":[{"href":"https:\/\/www.ess-rv.de\/index.php?rest_route=\/wp\/v2\/posts"}],"about":[{"href":"https:\/\/www.ess-rv.de\/index.php?rest_route=\/wp\/v2\/types\/post"}],"author":[{"embeddable":true,"href":"https:\/\/www.ess-rv.de\/index.php?rest_route=\/wp\/v2\/users\/3"}],"replies":[{"embeddable":true,"href":"https:\/\/www.ess-rv.de\/index.php?rest_route=%2Fwp%2Fv2%2Fcomments&post=832"}],"version-history":[{"count":1,"href":"https:\/\/www.ess-rv.de\/index.php?rest_route=\/wp\/v2\/posts\/832\/revisions"}],"predecessor-version":[{"id":834,"href":"https:\/\/www.ess-rv.de\/index.php?rest_route=\/wp\/v2\/posts\/832\/revisions\/834"}],"wp:attachment":[{"href":"https:\/\/www.ess-rv.de\/index.php?rest_route=%2Fwp%2Fv2%2Fmedia&parent=832"}],"wp:term":[{"taxonomy":"category","embeddable":true,"href":"https:\/\/www.ess-rv.de\/index.php?rest_route=%2Fwp%2Fv2%2Fcategories&post=832"},{"taxonomy":"post_tag","embeddable":true,"href":"https:\/\/www.ess-rv.de\/index.php?rest_route=%2Fwp%2Fv2%2Ftags&post=832"}],"curies":[{"name":"wp","href":"https:\/\/api.w.org\/{rel}","templated":true}]}}