{"id":835,"date":"2014-09-15T20:52:27","date_gmt":"2014-09-15T19:52:27","guid":{"rendered":"http:\/\/www.ess-rv.de\/?p=835"},"modified":"2015-03-12T20:59:25","modified_gmt":"2015-03-12T19:59:25","slug":"die-edith-stein-schule-auf-der-ravensburger-kunstnacht","status":"publish","type":"post","link":"https:\/\/www.ess-rv.de\/?p=835","title":{"rendered":"Die Edith-Stein-Schule auf der Ravensburger Kunstnacht"},"content":{"rendered":"<p>Am Freitag den 26. September 2014 findet wieder die Ravensburger Kunstnacht statt. Sie beginnt um 18.00 Uhr und endet gegen 23.00 Uhr, wobei unz\u00e4hlige Galerien und Kunstprojekte zug\u00e4nglich sind vom Theaterzirkus bis zu Tanzschulen. Der Kunstnachtbus f\u00e4hrt euch von einem Event zum N\u00e4chsten. Zu sehen gibt es u. a. die Ergebnisse des Kunstprojekts des Religionskurses von Roswitha Sch\u00e4fer (Jahrgangsstufe 1 &#8211; BTG1, GG1 und SG 1\/3): &#8222;Wer bin ich?&#8220; &#8211; biblische Personen heute in Szene gesetzt. Wie w\u00e4re es mit einem Besuch?<\/p>\n","protected":false},"excerpt":{"rendered":"<p>Am Freitag den 26. September 2014 findet wieder die Ravensburger Kunstnacht statt. Sie beginnt um 18.00 Uhr und endet gegen 23.00 Uhr, wobei unz\u00e4hlige Galerien und Kunstprojekte zug\u00e4nglich sind vom Theaterzirkus bis zu Tanzschulen. Der Kunstnachtbus f\u00e4hrt euch von einem Event zum N\u00e4chsten. Zu sehen gibt es u. a. die Ergebnisse des Kunstprojekts des Religionskurses &hellip; <a href=\"https:\/\/www.ess-rv.de\/?p=835\" class=\"more-link\"><span class=\"screen-reader-text\">Die Edith-Stein-Schule auf der Ravensburger Kunstnacht<\/span> weiterlesen <span class=\"meta-nav\">&rarr;<\/span><\/a><\/p>\n","protected":false},"author":3,"featured_media":0,"comment_status":"closed","ping_status":"closed","sticky":false,"template":"","format":"aside","meta":{"footnotes":"","_links_to":"","_links_to_target":""},"categories":[18,29,2,106,33],"tags":[93,107,49,121],"class_list":["post-835","post","type-post","status-publish","format-aside","hentry","category-ausserschulische-veranstaltung","category-berufliche-gymnasien","category-bildungsangebot","category-kunst","category-veranstaltung","tag-2014-2015","tag-kunst","tag-ravensburg","tag-religion","post_format-post-format-aside"],"_links":{"self":[{"href":"https:\/\/www.ess-rv.de\/index.php?rest_route=\/wp\/v2\/posts\/835","targetHints":{"allow":["GET"]}}],"collection":[{"href":"https:\/\/www.ess-rv.de\/index.php?rest_route=\/wp\/v2\/posts"}],"about":[{"href":"https:\/\/www.ess-rv.de\/index.php?rest_route=\/wp\/v2\/types\/post"}],"author":[{"embeddable":true,"href":"https:\/\/www.ess-rv.de\/index.php?rest_route=\/wp\/v2\/users\/3"}],"replies":[{"embeddable":true,"href":"https:\/\/www.ess-rv.de\/index.php?rest_route=%2Fwp%2Fv2%2Fcomments&post=835"}],"version-history":[{"count":2,"href":"https:\/\/www.ess-rv.de\/index.php?rest_route=\/wp\/v2\/posts\/835\/revisions"}],"predecessor-version":[{"id":840,"href":"https:\/\/www.ess-rv.de\/index.php?rest_route=\/wp\/v2\/posts\/835\/revisions\/840"}],"wp:attachment":[{"href":"https:\/\/www.ess-rv.de\/index.php?rest_route=%2Fwp%2Fv2%2Fmedia&parent=835"}],"wp:term":[{"taxonomy":"category","embeddable":true,"href":"https:\/\/www.ess-rv.de\/index.php?rest_route=%2Fwp%2Fv2%2Fcategories&post=835"},{"taxonomy":"post_tag","embeddable":true,"href":"https:\/\/www.ess-rv.de\/index.php?rest_route=%2Fwp%2Fv2%2Ftags&post=835"}],"curies":[{"name":"wp","href":"https:\/\/api.w.org\/{rel}","templated":true}]}}