{"id":8357,"date":"2023-11-05T17:42:16","date_gmt":"2023-11-05T16:42:16","guid":{"rendered":"https:\/\/www.ess-rv.de\/?p=8357"},"modified":"2023-11-10T09:26:58","modified_gmt":"2023-11-10T08:26:58","slug":"jugend-forscht","status":"publish","type":"post","link":"https:\/\/www.ess-rv.de\/?p=8357","title":{"rendered":"Jugend forscht"},"content":{"rendered":"<h2 class=\"KopfTitel\">Schulteam pr\u00e4sentiert Forschungsprojekt bei den Science Days 2023 im Europa-Park<\/h2>\n<p><a href=\"https:\/\/www.ess-rv.de\/wp-content\/uploads\/2023\/11\/2023-11-05-pxl_20231020_065232606-1024.jpg\"><img loading=\"lazy\" decoding=\"async\" src=\"https:\/\/www.ess-rv.de\/wp-content\/uploads\/2023\/11\/2023-11-05-pxl_20231020_065232606-1024.jpg\" alt=\"\" width=\"1024\" height=\"556\" class=\"alignnone size-full wp-image-8359\" srcset=\"https:\/\/www.ess-rv.de\/wp-content\/uploads\/2023\/11\/2023-11-05-pxl_20231020_065232606-1024.jpg 1024w, https:\/\/www.ess-rv.de\/wp-content\/uploads\/2023\/11\/2023-11-05-pxl_20231020_065232606-1024-300x163.jpg 300w, https:\/\/www.ess-rv.de\/wp-content\/uploads\/2023\/11\/2023-11-05-pxl_20231020_065232606-1024-768x417.jpg 768w\" sizes=\"auto, (max-width: 1024px) 100vw, 1024px\" \/><\/a><\/p>\n<p>Bei der 20. Auflage der \u201eScience Days\u201c, Deutschlands gr\u00f6\u00dftes Wissenschafts- und MINT-Festival im Europa-Park, konnten die Besucher die spannenden Facetten von Wissenschaft und Technik entdecken. In der Europa-Park Arena gaben \u00fcber 70 Aussteller au\u00dfergew\u00f6hnliche Einblicke in hochaktuelle Themen und deren Erforschung. Dabei war auch ein Forscherteam der Edith-Stein-Schule Ravensburg. Die Sch\u00fcler*innen Marla Wiedemann, Eva Rommelspacher und Lennox Elle des biotechnologischen und ern\u00e4hrungswissenschaftlichen Gymnasiums pr\u00e4sentierten ihr Forschungsprojekt<!--more--> \u201eSind Hefen farbenblind?\u201c auf Einladung der Baden-W\u00fcrttemberg Stiftung einer gro\u00dfen \u00d6ffentlichkeit. In ihrer Arbeit erforschen sie die Stoffwechselaktivit\u00e4t und das Wachstum der Hefezellen bei verschiedenen Lichtfarben. F\u00fcr die Jungforscher*innen war es eine gute Gelegenheit sich mit Experten und Interessierte auszutauschen, denn Sie m\u00f6chten im Februar am Jugend forscht Wettbewerb in Friedrichshafen teilnehmen.<\/p>\n","protected":false},"excerpt":{"rendered":"<p>Schulteam pr\u00e4sentiert Forschungsprojekt bei den Science Days 2023 im Europa-Park Bei der 20. Auflage der \u201eScience Days\u201c, Deutschlands gr\u00f6\u00dftes Wissenschafts- und MINT-Festival im Europa-Park, konnten die Besucher die spannenden Facetten von Wissenschaft und Technik entdecken. In der Europa-Park Arena gaben \u00fcber 70 Aussteller au\u00dfergew\u00f6hnliche Einblicke in hochaktuelle Themen und deren Erforschung. Dabei war auch ein &hellip; <a href=\"https:\/\/www.ess-rv.de\/?p=8357\" class=\"more-link\"><span class=\"screen-reader-text\">Jugend forscht<\/span> weiterlesen <span class=\"meta-nav\">&rarr;<\/span><\/a><\/p>\n","protected":false},"author":3,"featured_media":0,"comment_status":"closed","ping_status":"closed","sticky":false,"template":"","format":"standard","meta":{"footnotes":"","_links_to":"","_links_to_target":""},"categories":[18,29,2,200,201,24,108,33,53],"tags":[478,148,333,270,479,58],"class_list":["post-8357","post","type-post","status-publish","format-standard","hentry","category-ausserschulische-veranstaltung","category-berufliche-gymnasien","category-bildungsangebot","category-btg","category-eg","category-jugend-forscht","category-umweltschutz","category-veranstaltung","category-wettbewerb","tag-2023-2024","tag-berufliche-gymnasien","tag-jugend-forscht","tag-naturwissenschaft","tag-science-days","tag-wettbewerb"],"_links":{"self":[{"href":"https:\/\/www.ess-rv.de\/index.php?rest_route=\/wp\/v2\/posts\/8357","targetHints":{"allow":["GET"]}}],"collection":[{"href":"https:\/\/www.ess-rv.de\/index.php?rest_route=\/wp\/v2\/posts"}],"about":[{"href":"https:\/\/www.ess-rv.de\/index.php?rest_route=\/wp\/v2\/types\/post"}],"author":[{"embeddable":true,"href":"https:\/\/www.ess-rv.de\/index.php?rest_route=\/wp\/v2\/users\/3"}],"replies":[{"embeddable":true,"href":"https:\/\/www.ess-rv.de\/index.php?rest_route=%2Fwp%2Fv2%2Fcomments&post=8357"}],"version-history":[{"count":4,"href":"https:\/\/www.ess-rv.de\/index.php?rest_route=\/wp\/v2\/posts\/8357\/revisions"}],"predecessor-version":[{"id":8362,"href":"https:\/\/www.ess-rv.de\/index.php?rest_route=\/wp\/v2\/posts\/8357\/revisions\/8362"}],"wp:attachment":[{"href":"https:\/\/www.ess-rv.de\/index.php?rest_route=%2Fwp%2Fv2%2Fmedia&parent=8357"}],"wp:term":[{"taxonomy":"category","embeddable":true,"href":"https:\/\/www.ess-rv.de\/index.php?rest_route=%2Fwp%2Fv2%2Fcategories&post=8357"},{"taxonomy":"post_tag","embeddable":true,"href":"https:\/\/www.ess-rv.de\/index.php?rest_route=%2Fwp%2Fv2%2Ftags&post=8357"}],"curies":[{"name":"wp","href":"https:\/\/api.w.org\/{rel}","templated":true}]}}