{"id":841,"date":"2014-07-30T20:59:52","date_gmt":"2014-07-30T19:59:52","guid":{"rendered":"http:\/\/www.ess-rv.de\/?p=841"},"modified":"2015-03-12T21:02:52","modified_gmt":"2015-03-12T20:02:52","slug":"verabschiedung-von-pensionaeren-und-referendaren","status":"publish","type":"post","link":"https:\/\/www.ess-rv.de\/?p=841","title":{"rendered":"Verabschiedung von Pension\u00e4ren und Referendaren"},"content":{"rendered":"<figure id=\"attachment_842\" aria-describedby=\"caption-attachment-842\" style=\"width: 300px\" class=\"wp-caption alignright\"><a href=\"http:\/\/www.ess-rv.de\/wp-content\/uploads\/2015\/03\/2014_07_30_17_27_11_P1030800v.jpg\"><img loading=\"lazy\" decoding=\"async\" class=\"wp-image-842 size-medium\" src=\"http:\/\/www.ess-rv.de\/wp-content\/uploads\/2015\/03\/2014_07_30_17_27_11_P1030800v-300x225.jpg\" alt=\"Von links nach rechts: Roland Streicher, Fr. Pricci, Irmgard Steinberger, Christina Langenstein, Hariolf Schupp, Edgar Fetschele, Roland Paul, Ottmar Schwarz\" width=\"300\" height=\"225\" \/><\/a><figcaption id=\"caption-attachment-842\" class=\"wp-caption-text\">Von links nach rechts: Roland Streicher, Fr. Pricci, Irmgard Steinberger, Christina Langenstein, Hariolf Schupp, Edgar Fetschele, Roland Paul, Ottmar Schwarz<\/figcaption><\/figure>\n<p>Am letzten Schultag fand nach der Gesamtlehrerkonferenz die sehr emotionale Verabschiedung von sieben altgedienten Pension\u00e4ren und einer Referendarin statt. Wir w\u00fcnschen euch allen einen guten Einstieg in den neuen Lebensabschnitt, Gesundheit, tolle Erlebnisse und viele sch\u00f6ne Begegnungen! Vielen Dank f\u00fcr das tolle Engagement und die sch\u00f6ne Zeit mit Euch!!!!<\/p>\n","protected":false},"excerpt":{"rendered":"<p>Am letzten Schultag fand nach der Gesamtlehrerkonferenz die sehr emotionale Verabschiedung von sieben altgedienten Pension\u00e4ren und einer Referendarin statt. Wir w\u00fcnschen euch allen einen guten Einstieg in den neuen Lebensabschnitt, Gesundheit, tolle Erlebnisse und viele sch\u00f6ne Begegnungen! Vielen Dank f\u00fcr das tolle Engagement und die sch\u00f6ne Zeit mit Euch!!!!<\/p>\n","protected":false},"author":3,"featured_media":0,"comment_status":"closed","ping_status":"closed","sticky":false,"template":"","format":"standard","meta":{"footnotes":"","_links_to":"","_links_to_target":""},"categories":[2],"tags":[94,128],"class_list":["post-841","post","type-post","status-publish","format-standard","hentry","category-bildungsangebot","tag-2013-2014","tag-kollegium"],"_links":{"self":[{"href":"https:\/\/www.ess-rv.de\/index.php?rest_route=\/wp\/v2\/posts\/841","targetHints":{"allow":["GET"]}}],"collection":[{"href":"https:\/\/www.ess-rv.de\/index.php?rest_route=\/wp\/v2\/posts"}],"about":[{"href":"https:\/\/www.ess-rv.de\/index.php?rest_route=\/wp\/v2\/types\/post"}],"author":[{"embeddable":true,"href":"https:\/\/www.ess-rv.de\/index.php?rest_route=\/wp\/v2\/users\/3"}],"replies":[{"embeddable":true,"href":"https:\/\/www.ess-rv.de\/index.php?rest_route=%2Fwp%2Fv2%2Fcomments&post=841"}],"version-history":[{"count":1,"href":"https:\/\/www.ess-rv.de\/index.php?rest_route=\/wp\/v2\/posts\/841\/revisions"}],"predecessor-version":[{"id":843,"href":"https:\/\/www.ess-rv.de\/index.php?rest_route=\/wp\/v2\/posts\/841\/revisions\/843"}],"wp:attachment":[{"href":"https:\/\/www.ess-rv.de\/index.php?rest_route=%2Fwp%2Fv2%2Fmedia&parent=841"}],"wp:term":[{"taxonomy":"category","embeddable":true,"href":"https:\/\/www.ess-rv.de\/index.php?rest_route=%2Fwp%2Fv2%2Fcategories&post=841"},{"taxonomy":"post_tag","embeddable":true,"href":"https:\/\/www.ess-rv.de\/index.php?rest_route=%2Fwp%2Fv2%2Ftags&post=841"}],"curies":[{"name":"wp","href":"https:\/\/api.w.org\/{rel}","templated":true}]}}