{"id":8456,"date":"2023-12-12T12:37:57","date_gmt":"2023-12-12T11:37:57","guid":{"rendered":"https:\/\/www.ess-rv.de\/?p=8456"},"modified":"2023-12-12T12:37:57","modified_gmt":"2023-12-12T11:37:57","slug":"eine-welt-tag-2023","status":"publish","type":"post","link":"https:\/\/www.ess-rv.de\/?p=8456","title":{"rendered":"Eine-Welt-Tag 2023"},"content":{"rendered":"<h2 class=\"KopfTitel\">R\u00fcckblick auf einen erfolgreichen Tag<\/h2>\n<p>Wir k\u00f6nnen auf einen sch\u00f6nen und ereignisreichen Eine-Welt-Tag zur\u00fcckschauen. Die Sch\u00fclerinnen und Sch\u00fcler der Schule konnten \u00fcber den Tag verteilt an kreativen, sportlichen und weihnachtlichen Workshops teilnehmen. So waren Sch\u00fclergruppen in der Sporthalle, andere wiederum schrieben und vertonten H\u00f6rb\u00fccher oder drehten beim Kranzen prachtvolle Adventskr\u00e4nze. Gleichzeitig herrschte reges Treiben zwischen den weihnachtlich geschm\u00fcckten Verkaufsst\u00e4nden f\u00fcr gestaltete Produkte oder leckere Speisen. Durch den Erl\u00f6s von 6000 \u20ac k\u00f6nnen wir wie in den Jahren zuvor <a href=\"https:\/\/www.ess-rv.de\/?page_id=4589\">unsere Projektpartner<\/a> auf der ganzen Welt unterst\u00fctzen.<br \/>\n<div id='gallery-1' class='gallery galleryid-8456 gallery-columns-3 gallery-size-thumbnail'><figure class='gallery-item'>\n\t\t\t<div class='gallery-icon landscape'>\n\t\t\t\t<a href='https:\/\/www.ess-rv.de\/wp-content\/uploads\/2023\/12\/1024-image_ess_04-2023-12-12.jpg'><img loading=\"lazy\" decoding=\"async\" width=\"215\" height=\"215\" src=\"https:\/\/www.ess-rv.de\/wp-content\/uploads\/2023\/12\/1024-image_ess_04-2023-12-12-215x215.jpg\" class=\"attachment-thumbnail size-thumbnail\" alt=\"Sch\u00fclerinnen dekorieren das Schulhaus\" \/><\/a>\n\t\t\t<\/div><\/figure><figure class='gallery-item'>\n\t\t\t<div class='gallery-icon landscape'>\n\t\t\t\t<a href='https:\/\/www.ess-rv.de\/wp-content\/uploads\/2023\/12\/1024-image_ess_06-2023-12-12.jpg'><img loading=\"lazy\" decoding=\"async\" width=\"215\" height=\"215\" src=\"https:\/\/www.ess-rv.de\/wp-content\/uploads\/2023\/12\/1024-image_ess_06-2023-12-12-215x215.jpg\" class=\"attachment-thumbnail size-thumbnail\" alt=\"Sch\u00fclerinnen verkaufen selbst gestaltete Kerzen\" \/><\/a>\n\t\t\t<\/div><\/figure><figure class='gallery-item'>\n\t\t\t<div class='gallery-icon landscape'>\n\t\t\t\t<a href='https:\/\/www.ess-rv.de\/wp-content\/uploads\/2023\/12\/1024-image_ess_12-2023-12-12.jpg'><img loading=\"lazy\" decoding=\"async\" width=\"215\" height=\"215\" src=\"https:\/\/www.ess-rv.de\/wp-content\/uploads\/2023\/12\/1024-image_ess_12-2023-12-12-215x215.jpg\" class=\"attachment-thumbnail size-thumbnail\" alt=\"Detailbild von einfachen Adventskr\u00e4nzen aus Holz und Kerzen\" \/><\/a>\n\t\t\t<\/div><\/figure><figure class='gallery-item'>\n\t\t\t<div class='gallery-icon landscape'>\n\t\t\t\t<a href='https:\/\/www.ess-rv.de\/wp-content\/uploads\/2023\/12\/1024-image_ess_08-2023-12-12.jpg'><img loading=\"lazy\" decoding=\"async\" width=\"215\" height=\"215\" src=\"https:\/\/www.ess-rv.de\/wp-content\/uploads\/2023\/12\/1024-image_ess_08-2023-12-12-215x215.jpg\" class=\"attachment-thumbnail size-thumbnail\" alt=\"Sch\u00fcler verkauft gebrauchte B\u00fccher\" \/><\/a>\n\t\t\t<\/div><\/figure><figure class='gallery-item'>\n\t\t\t<div class='gallery-icon landscape'>\n\t\t\t\t<a href='https:\/\/www.ess-rv.de\/wp-content\/uploads\/2023\/12\/1024-image_ess_14-2023-12-12.jpg'><img loading=\"lazy\" decoding=\"async\" width=\"215\" height=\"215\" src=\"https:\/\/www.ess-rv.de\/wp-content\/uploads\/2023\/12\/1024-image_ess_14-2023-12-12-215x215.jpg\" class=\"attachment-thumbnail size-thumbnail\" alt=\"Ein mit Serviettentechnik gestalteter Stein\" \/><\/a>\n\t\t\t<\/div><\/figure><figure class='gallery-item'>\n\t\t\t<div class='gallery-icon landscape'>\n\t\t\t\t<a href='https:\/\/www.ess-rv.de\/wp-content\/uploads\/2023\/12\/1024-image_ess_03-2023-12-12.jpg'><img loading=\"lazy\" decoding=\"async\" width=\"215\" height=\"215\" src=\"https:\/\/www.ess-rv.de\/wp-content\/uploads\/2023\/12\/1024-image_ess_03-2023-12-12-215x215.jpg\" class=\"attachment-thumbnail size-thumbnail\" alt=\"Fr\u00f6hliche Lehrerinnen im Schulhaus\" \/><\/a>\n\t\t\t<\/div><\/figure><figure class='gallery-item'>\n\t\t\t<div class='gallery-icon landscape'>\n\t\t\t\t<a href='https:\/\/www.ess-rv.de\/wp-content\/uploads\/2023\/12\/1024-image_ess_09-2023-12-12.jpg'><img loading=\"lazy\" decoding=\"async\" width=\"215\" height=\"215\" src=\"https:\/\/www.ess-rv.de\/wp-content\/uploads\/2023\/12\/1024-image_ess_09-2023-12-12-215x215.jpg\" class=\"attachment-thumbnail size-thumbnail\" alt=\"Verkaufsstand f\u00fcr Gebasteltes\" \/><\/a>\n\t\t\t<\/div><\/figure><figure class='gallery-item'>\n\t\t\t<div class='gallery-icon landscape'>\n\t\t\t\t<a href='https:\/\/www.ess-rv.de\/wp-content\/uploads\/2023\/12\/1024-image_ess_13-2023-12-12.jpg'><img loading=\"lazy\" decoding=\"async\" width=\"215\" height=\"215\" src=\"https:\/\/www.ess-rv.de\/wp-content\/uploads\/2023\/12\/1024-image_ess_13-2023-12-12-215x215.jpg\" class=\"attachment-thumbnail size-thumbnail\" alt=\"Weihnachtskarten in der Auslage\" \/><\/a>\n\t\t\t<\/div><\/figure><figure class='gallery-item'>\n\t\t\t<div class='gallery-icon landscape'>\n\t\t\t\t<a href='https:\/\/www.ess-rv.de\/wp-content\/uploads\/2023\/12\/1024-image_ess_02-2023-12-12.jpg'><img loading=\"lazy\" decoding=\"async\" width=\"215\" height=\"215\" src=\"https:\/\/www.ess-rv.de\/wp-content\/uploads\/2023\/12\/1024-image_ess_02-2023-12-12-215x215.jpg\" class=\"attachment-thumbnail size-thumbnail\" alt=\"Herr Eisele ist der Sp\u00e4tzle-Chef\" \/><\/a>\n\t\t\t<\/div><\/figure>\n\t\t<\/div>\n<\/p>\n","protected":false},"excerpt":{"rendered":"<p>R\u00fcckblick auf einen erfolgreichen Tag Wir k\u00f6nnen auf einen sch\u00f6nen und ereignisreichen Eine-Welt-Tag zur\u00fcckschauen. Die Sch\u00fclerinnen und Sch\u00fcler der Schule konnten \u00fcber den Tag verteilt an kreativen, sportlichen und weihnachtlichen Workshops teilnehmen. So waren Sch\u00fclergruppen in der Sporthalle, andere wiederum schrieben und vertonten H\u00f6rb\u00fccher oder drehten beim Kranzen prachtvolle Adventskr\u00e4nze. Gleichzeitig herrschte reges Treiben zwischen &hellip; <a href=\"https:\/\/www.ess-rv.de\/?p=8456\" class=\"more-link\"><span class=\"screen-reader-text\">Eine-Welt-Tag 2023<\/span> weiterlesen <span class=\"meta-nav\">&rarr;<\/span><\/a><\/p>\n","protected":false},"author":3,"featured_media":0,"comment_status":"closed","ping_status":"closed","sticky":false,"template":"","format":"standard","meta":{"footnotes":"","_links_to":"","_links_to_target":""},"categories":[387,477,232,385,404,422,472,18,457,29,30,7,2,200,201,104,202,106,402,203,47,198,65,108,33],"tags":[478,105,50,67,49,144,84],"class_list":["post-8456","post","type-post","status-publish","format-standard","hentry","category-1bkee","category-1bkfh","category-1bkp","category-1bkst","category-2bfh","category-2bfp","category-2bfsa","category-ausserschulische-veranstaltung","category-avdual","category-berufliche-gymnasien","category-berufsfachschule","category-berufskolleg","category-bildungsangebot","category-btg","category-eg","category-eine-welt-tag","category-gg","category-kunst","category-projekttag","category-sg","category-soziales-engagement","category-standort-ravensburg","category-theater","category-umweltschutz","category-veranstaltung","tag-2023-2024","tag-eine-welt-tag","tag-engagement","tag-projekt","tag-ravensburg","tag-spenden","tag-unesco"],"_links":{"self":[{"href":"https:\/\/www.ess-rv.de\/index.php?rest_route=\/wp\/v2\/posts\/8456","targetHints":{"allow":["GET"]}}],"collection":[{"href":"https:\/\/www.ess-rv.de\/index.php?rest_route=\/wp\/v2\/posts"}],"about":[{"href":"https:\/\/www.ess-rv.de\/index.php?rest_route=\/wp\/v2\/types\/post"}],"author":[{"embeddable":true,"href":"https:\/\/www.ess-rv.de\/index.php?rest_route=\/wp\/v2\/users\/3"}],"replies":[{"embeddable":true,"href":"https:\/\/www.ess-rv.de\/index.php?rest_route=%2Fwp%2Fv2%2Fcomments&post=8456"}],"version-history":[{"count":4,"href":"https:\/\/www.ess-rv.de\/index.php?rest_route=\/wp\/v2\/posts\/8456\/revisions"}],"predecessor-version":[{"id":8486,"href":"https:\/\/www.ess-rv.de\/index.php?rest_route=\/wp\/v2\/posts\/8456\/revisions\/8486"}],"wp:attachment":[{"href":"https:\/\/www.ess-rv.de\/index.php?rest_route=%2Fwp%2Fv2%2Fmedia&parent=8456"}],"wp:term":[{"taxonomy":"category","embeddable":true,"href":"https:\/\/www.ess-rv.de\/index.php?rest_route=%2Fwp%2Fv2%2Fcategories&post=8456"},{"taxonomy":"post_tag","embeddable":true,"href":"https:\/\/www.ess-rv.de\/index.php?rest_route=%2Fwp%2Fv2%2Ftags&post=8456"}],"curies":[{"name":"wp","href":"https:\/\/api.w.org\/{rel}","templated":true}]}}