{"id":8562,"date":"2024-01-23T16:24:51","date_gmt":"2024-01-23T15:24:51","guid":{"rendered":"https:\/\/www.ess-rv.de\/?p=8562"},"modified":"2024-01-23T16:45:55","modified_gmt":"2024-01-23T15:45:55","slug":"science-night-2024","status":"publish","type":"post","link":"https:\/\/www.ess-rv.de\/?p=8562","title":{"rendered":"Science Night 2024"},"content":{"rendered":"<p><img loading=\"lazy\" decoding=\"async\" src=\"https:\/\/www.ess-rv.de\/wp-content\/uploads\/2024\/01\/Flyer-Entwurf-1-2024-banner.jpg\" alt=\"\" width=\"1187\" height=\"247\" class=\"alignnone size-full wp-image-8566\" srcset=\"https:\/\/www.ess-rv.de\/wp-content\/uploads\/2024\/01\/Flyer-Entwurf-1-2024-banner.jpg 1187w, https:\/\/www.ess-rv.de\/wp-content\/uploads\/2024\/01\/Flyer-Entwurf-1-2024-banner-300x62.jpg 300w, https:\/\/www.ess-rv.de\/wp-content\/uploads\/2024\/01\/Flyer-Entwurf-1-2024-banner-1024x213.jpg 1024w, https:\/\/www.ess-rv.de\/wp-content\/uploads\/2024\/01\/Flyer-Entwurf-1-2024-banner-768x160.jpg 768w\" sizes=\"auto, (max-width: 1187px) 100vw, 1187px\" \/><\/p>\n<p>Von der Biotechnologie, \u00fcber die Ern\u00e4hrung, bis zu biologischen und chemischen Vorg\u00e4ngen, bieten die Sch\u00fclerinnen und Sch\u00fcler des beruflichen Gymnasiums ein weites Spektrum an Versuchen zum Entdecken, Mitmachen und Staunen.<\/p>\n<p>Sch\u00fclerinnen und Sch\u00fcler ab Klasse 9 sind herzlich eingeladen zur diesj\u00e4hrigen Science Night an der Edith-Stein-Schule Ravensburg. Kommt vorbei und lasst euch begeistern!<\/p>\n<ul>\n<li>Die Welt im Mikrokosmos<\/li>\n<li>Alles rund um die Orange<\/li>\n<li>Mikrobiologie im Hefe-Labor<\/li>\n<li>DNA-Werkstatt<\/li>\n<li>Mitmach-Physik<\/li>\n<li>Sensorik-Labor<\/li>\n<\/ul>\n<p>und einiges mehr!<\/p>\n","protected":false},"excerpt":{"rendered":"<p>Von der Biotechnologie, \u00fcber die Ern\u00e4hrung, bis zu biologischen und chemischen Vorg\u00e4ngen, bieten die Sch\u00fclerinnen und Sch\u00fcler des beruflichen Gymnasiums ein weites Spektrum an Versuchen zum Entdecken, Mitmachen und Staunen. Sch\u00fclerinnen und Sch\u00fcler ab Klasse 9 sind herzlich eingeladen zur diesj\u00e4hrigen Science Night an der Edith-Stein-Schule Ravensburg. Kommt vorbei und lasst euch begeistern! Die Welt &hellip; <a href=\"https:\/\/www.ess-rv.de\/?p=8562\" class=\"more-link\"><span class=\"screen-reader-text\">Science Night 2024<\/span> weiterlesen <span class=\"meta-nav\">&rarr;<\/span><\/a><\/p>\n","protected":false},"author":3,"featured_media":0,"comment_status":"closed","ping_status":"closed","sticky":false,"template":"","format":"standard","meta":{"footnotes":"","_links_to":"","_links_to_target":""},"categories":[18,29,2,200,201,202,24,298,198,33],"tags":[478,416,148,36,333,270,49],"class_list":["post-8562","post","type-post","status-publish","format-standard","hentry","category-ausserschulische-veranstaltung","category-berufliche-gymnasien","category-bildungsangebot","category-btg","category-eg","category-gg","category-jugend-forscht","category-praktikum","category-standort-ravensburg","category-veranstaltung","tag-2023-2024","tag-aus-dem-unterricht","tag-berufliche-gymnasien","tag-infoveranstaltung","tag-jugend-forscht","tag-naturwissenschaft","tag-ravensburg"],"_links":{"self":[{"href":"https:\/\/www.ess-rv.de\/index.php?rest_route=\/wp\/v2\/posts\/8562","targetHints":{"allow":["GET"]}}],"collection":[{"href":"https:\/\/www.ess-rv.de\/index.php?rest_route=\/wp\/v2\/posts"}],"about":[{"href":"https:\/\/www.ess-rv.de\/index.php?rest_route=\/wp\/v2\/types\/post"}],"author":[{"embeddable":true,"href":"https:\/\/www.ess-rv.de\/index.php?rest_route=\/wp\/v2\/users\/3"}],"replies":[{"embeddable":true,"href":"https:\/\/www.ess-rv.de\/index.php?rest_route=%2Fwp%2Fv2%2Fcomments&post=8562"}],"version-history":[{"count":7,"href":"https:\/\/www.ess-rv.de\/index.php?rest_route=\/wp\/v2\/posts\/8562\/revisions"}],"predecessor-version":[{"id":8570,"href":"https:\/\/www.ess-rv.de\/index.php?rest_route=\/wp\/v2\/posts\/8562\/revisions\/8570"}],"wp:attachment":[{"href":"https:\/\/www.ess-rv.de\/index.php?rest_route=%2Fwp%2Fv2%2Fmedia&parent=8562"}],"wp:term":[{"taxonomy":"category","embeddable":true,"href":"https:\/\/www.ess-rv.de\/index.php?rest_route=%2Fwp%2Fv2%2Fcategories&post=8562"},{"taxonomy":"post_tag","embeddable":true,"href":"https:\/\/www.ess-rv.de\/index.php?rest_route=%2Fwp%2Fv2%2Ftags&post=8562"}],"curies":[{"name":"wp","href":"https:\/\/api.w.org\/{rel}","templated":true}]}}