{"id":871,"date":"2014-07-15T20:04:47","date_gmt":"2014-07-15T19:04:47","guid":{"rendered":"http:\/\/www.ess-rv.de\/?p=871"},"modified":"2015-03-16T20:21:20","modified_gmt":"2015-03-16T19:21:20","slug":"vab-im-kletterpark-tannenbuehl-in-bad-waldsee","status":"publish","type":"post","link":"https:\/\/www.ess-rv.de\/?p=871","title":{"rendered":"VAB im Kletterpark Tannenb\u00fchl in Bad Waldsee"},"content":{"rendered":"<p><a href=\"http:\/\/www.ess-rv.de\/wp-content\/uploads\/2015\/03\/2014_07_17_14_16_25_DSC05731v.jpg\"><img loading=\"lazy\" decoding=\"async\" class=\"alignleft size-full wp-image-874\" src=\"http:\/\/www.ess-rv.de\/wp-content\/uploads\/2015\/03\/2014_07_17_14_16_25_DSC05731v.jpg\" alt=\"Sch\u00fclerinnen und Sch\u00fcler des VAB im Kletterpark\" width=\"300\" height=\"225\" \/><\/a>Am 15.07.2014 machte die Klasse VAB 2 mit Frau Thomas und Frau Dietrich den Jahresausflug in den Kletterpark Tannenb\u00fchl bei Bad Waldsee. Bei strahlendem Sonnenschein und angenehmen Temperaturen absolvierten die Sch\u00fclerinnen und Sch\u00fcler mit gro\u00dfem Elan die anspruchsvollen Abschnitte des Parcours. Beim anschlie\u00dfenden Grillen wurden die verbrauchten Kr\u00e4fte wieder aufgefrischt. Der Tag endete gegen 17 Uhr an der Edith-Stein-Schule.<\/p>\n","protected":false},"excerpt":{"rendered":"<p>Am 15.07.2014 machte die Klasse VAB 2 mit Frau Thomas und Frau Dietrich den Jahresausflug in den Kletterpark Tannenb\u00fchl bei Bad Waldsee. Bei strahlendem Sonnenschein und angenehmen Temperaturen absolvierten die Sch\u00fclerinnen und Sch\u00fcler mit gro\u00dfem Elan die anspruchsvollen Abschnitte des Parcours. Beim anschlie\u00dfenden Grillen wurden die verbrauchten Kr\u00e4fte wieder aufgefrischt. Der Tag endete gegen 17 &hellip; <a href=\"https:\/\/www.ess-rv.de\/?p=871\" class=\"more-link\"><span class=\"screen-reader-text\">VAB im Kletterpark Tannenb\u00fchl in Bad Waldsee<\/span> weiterlesen <span class=\"meta-nav\">&rarr;<\/span><\/a><\/p>\n","protected":false},"author":3,"featured_media":0,"comment_status":"closed","ping_status":"closed","sticky":false,"template":"","format":"standard","meta":{"footnotes":"","_links_to":"","_links_to_target":""},"categories":[18,2,117,32],"tags":[94,118,21,22],"class_list":["post-871","post","type-post","status-publish","format-standard","hentry","category-ausserschulische-veranstaltung","category-bildungsangebot","category-erlebnispaedagogik","category-vab","tag-2013-2014","tag-erlebnispaedagogik","tag-klettern","tag-vab"],"_links":{"self":[{"href":"https:\/\/www.ess-rv.de\/index.php?rest_route=\/wp\/v2\/posts\/871","targetHints":{"allow":["GET"]}}],"collection":[{"href":"https:\/\/www.ess-rv.de\/index.php?rest_route=\/wp\/v2\/posts"}],"about":[{"href":"https:\/\/www.ess-rv.de\/index.php?rest_route=\/wp\/v2\/types\/post"}],"author":[{"embeddable":true,"href":"https:\/\/www.ess-rv.de\/index.php?rest_route=\/wp\/v2\/users\/3"}],"replies":[{"embeddable":true,"href":"https:\/\/www.ess-rv.de\/index.php?rest_route=%2Fwp%2Fv2%2Fcomments&post=871"}],"version-history":[{"count":1,"href":"https:\/\/www.ess-rv.de\/index.php?rest_route=\/wp\/v2\/posts\/871\/revisions"}],"predecessor-version":[{"id":1080,"href":"https:\/\/www.ess-rv.de\/index.php?rest_route=\/wp\/v2\/posts\/871\/revisions\/1080"}],"wp:attachment":[{"href":"https:\/\/www.ess-rv.de\/index.php?rest_route=%2Fwp%2Fv2%2Fmedia&parent=871"}],"wp:term":[{"taxonomy":"category","embeddable":true,"href":"https:\/\/www.ess-rv.de\/index.php?rest_route=%2Fwp%2Fv2%2Fcategories&post=871"},{"taxonomy":"post_tag","embeddable":true,"href":"https:\/\/www.ess-rv.de\/index.php?rest_route=%2Fwp%2Fv2%2Ftags&post=871"}],"curies":[{"name":"wp","href":"https:\/\/api.w.org\/{rel}","templated":true}]}}