{"id":8739,"date":"2024-03-22T09:57:14","date_gmt":"2024-03-22T08:57:14","guid":{"rendered":"https:\/\/www.ess-rv.de\/?p=8739"},"modified":"2024-03-22T09:57:14","modified_gmt":"2024-03-22T08:57:14","slug":"sprachfahrten-der-jahrgangsstufe-1","status":"publish","type":"post","link":"https:\/\/www.ess-rv.de\/?p=8739","title":{"rendered":"Sprachfahrten der Jahrgangsstufe 1"},"content":{"rendered":"<h2 class=\"KopfTitel\">Franz\u00f6sisch lernen an der C\u00f4te d\u2019Azur<\/h2>\n<div id='gallery-1' class='gallery galleryid-8739 gallery-columns-3 gallery-size-thumbnail'><figure class='gallery-item'>\n\t\t\t<div class='gallery-icon portrait'>\n\t\t\t\t<a href='https:\/\/www.ess-rv.de\/wp-content\/uploads\/2024\/03\/2024-03-1080_03.jpeg'><img loading=\"lazy\" decoding=\"async\" width=\"215\" height=\"215\" src=\"https:\/\/www.ess-rv.de\/wp-content\/uploads\/2024\/03\/2024-03-1080_03-215x215.jpeg\" class=\"attachment-thumbnail size-thumbnail\" alt=\"\" \/><\/a>\n\t\t\t<\/div><\/figure><figure class='gallery-item'>\n\t\t\t<div class='gallery-icon landscape'>\n\t\t\t\t<a href='https:\/\/www.ess-rv.de\/wp-content\/uploads\/2024\/03\/2024-03-1080_04.jpeg'><img loading=\"lazy\" decoding=\"async\" width=\"215\" height=\"215\" src=\"https:\/\/www.ess-rv.de\/wp-content\/uploads\/2024\/03\/2024-03-1080_04-215x215.jpeg\" class=\"attachment-thumbnail size-thumbnail\" alt=\"\" \/><\/a>\n\t\t\t<\/div><\/figure><figure class='gallery-item'>\n\t\t\t<div class='gallery-icon portrait'>\n\t\t\t\t<a href='https:\/\/www.ess-rv.de\/wp-content\/uploads\/2024\/03\/2024-03-1080_01.jpeg'><img loading=\"lazy\" decoding=\"async\" width=\"215\" height=\"215\" src=\"https:\/\/www.ess-rv.de\/wp-content\/uploads\/2024\/03\/2024-03-1080_01-215x215.jpeg\" class=\"attachment-thumbnail size-thumbnail\" alt=\"\" \/><\/a>\n\t\t\t<\/div><\/figure>\n\t\t<\/div>\n\n<p>Vom 25.&nbsp;Februar bis 09.&nbsp;M\u00e4rz waren zehn Sch\u00fcler*innen der Jahrgangsstufe 1 der Edith-Stein- und der Humpisschule mit jeweils zwei Lehrer*innen in Nizza. Morgens wurde in der Sprachschule alpha b flei\u00dfig gelernt, nachmittags machten wir Ausfl\u00fcge in die n\u00e4here Umgebung. Wir hatten eine interessante Stadtf\u00fchrung in der Altstadt von Nizza, wir besichtigten die Confiserie Florian, die Parf\u00fcmerie Fragonard in Eze Village und schauten uns das malerische Villefranche-Sur-Mer an. Am Samstag fuhren wir mit dem Zug zum Zitronenfest nach Menton und machten einen Abstecher in Monaco. Wir haben viel gelernt und hatten viel Spa\u00df miteinander! C\u2019\u00e9taient deux semaines magnifiques!!<\/p>\n","protected":false},"excerpt":{"rendered":"<p>Franz\u00f6sisch lernen an der C\u00f4te d\u2019Azur Vom 25.&nbsp;Februar bis 09.&nbsp;M\u00e4rz waren zehn Sch\u00fcler*innen der Jahrgangsstufe 1 der Edith-Stein- und der Humpisschule mit jeweils zwei Lehrer*innen in Nizza. Morgens wurde in der Sprachschule alpha b flei\u00dfig gelernt, nachmittags machten wir Ausfl\u00fcge in die n\u00e4here Umgebung. Wir hatten eine interessante Stadtf\u00fchrung in der Altstadt von Nizza, wir &hellip; <a href=\"https:\/\/www.ess-rv.de\/?p=8739\" class=\"more-link\"><span class=\"screen-reader-text\">Sprachfahrten der Jahrgangsstufe 1<\/span> weiterlesen <span class=\"meta-nav\">&rarr;<\/span><\/a><\/p>\n","protected":false},"author":3,"featured_media":0,"comment_status":"closed","ping_status":"closed","sticky":false,"template":"","format":"standard","meta":{"footnotes":"","_links_to":"","_links_to_target":""},"categories":[18,29,2,200,201,202,156,203,283,302],"tags":[478,159,160,49,284,303],"class_list":["post-8739","post","type-post","status-publish","format-standard","hentry","category-ausserschulische-veranstaltung","category-berufliche-gymnasien","category-bildungsangebot","category-btg","category-eg","category-gg","category-klassenfahrt","category-sg","category-sprachfahrt","category-studienfahrt","tag-2023-2024","tag-frankreich","tag-klassenfahrt","tag-ravensburg","tag-sprachfahrt","tag-studienfahrt"],"_links":{"self":[{"href":"https:\/\/www.ess-rv.de\/index.php?rest_route=\/wp\/v2\/posts\/8739","targetHints":{"allow":["GET"]}}],"collection":[{"href":"https:\/\/www.ess-rv.de\/index.php?rest_route=\/wp\/v2\/posts"}],"about":[{"href":"https:\/\/www.ess-rv.de\/index.php?rest_route=\/wp\/v2\/types\/post"}],"author":[{"embeddable":true,"href":"https:\/\/www.ess-rv.de\/index.php?rest_route=\/wp\/v2\/users\/3"}],"replies":[{"embeddable":true,"href":"https:\/\/www.ess-rv.de\/index.php?rest_route=%2Fwp%2Fv2%2Fcomments&post=8739"}],"version-history":[{"count":1,"href":"https:\/\/www.ess-rv.de\/index.php?rest_route=\/wp\/v2\/posts\/8739\/revisions"}],"predecessor-version":[{"id":8743,"href":"https:\/\/www.ess-rv.de\/index.php?rest_route=\/wp\/v2\/posts\/8739\/revisions\/8743"}],"wp:attachment":[{"href":"https:\/\/www.ess-rv.de\/index.php?rest_route=%2Fwp%2Fv2%2Fmedia&parent=8739"}],"wp:term":[{"taxonomy":"category","embeddable":true,"href":"https:\/\/www.ess-rv.de\/index.php?rest_route=%2Fwp%2Fv2%2Fcategories&post=8739"},{"taxonomy":"post_tag","embeddable":true,"href":"https:\/\/www.ess-rv.de\/index.php?rest_route=%2Fwp%2Fv2%2Ftags&post=8739"}],"curies":[{"name":"wp","href":"https:\/\/api.w.org\/{rel}","templated":true}]}}