{"id":8745,"date":"2024-03-26T10:05:45","date_gmt":"2024-03-26T09:05:45","guid":{"rendered":"https:\/\/www.ess-rv.de\/?p=8745"},"modified":"2024-06-10T15:53:06","modified_gmt":"2024-06-10T13:53:06","slug":"unesco-projektschule-7","status":"publish","type":"post","link":"https:\/\/www.ess-rv.de\/?p=8745","title":{"rendered":"UNESCO-Projektschule"},"content":{"rendered":"<h2 class=\"KopfTitel\">Podiumsdiskussion zur Zukunft der Demokratie<\/h2>\n<p><a href=\"https:\/\/www.ess-rv.de\/wp-content\/uploads\/2024\/03\/2024-03-1080_01.jpg\"><img loading=\"lazy\" decoding=\"async\" src=\"https:\/\/www.ess-rv.de\/wp-content\/uploads\/2024\/03\/2024-03-1080_01-300x225.jpg\" alt=\"\" width=\"300\" height=\"225\" class=\"alignright size-medium wp-image-8747\" srcset=\"https:\/\/www.ess-rv.de\/wp-content\/uploads\/2024\/03\/2024-03-1080_01-300x225.jpg 300w, https:\/\/www.ess-rv.de\/wp-content\/uploads\/2024\/03\/2024-03-1080_01-1024x768.jpg 1024w, https:\/\/www.ess-rv.de\/wp-content\/uploads\/2024\/03\/2024-03-1080_01-768x576.jpg 768w, https:\/\/www.ess-rv.de\/wp-content\/uploads\/2024\/03\/2024-03-1080_01.jpg 1440w\" sizes=\"auto, (max-width: 300px) 100vw, 300px\" \/><\/a>Sch\u00fclerinnen und Sch\u00fcler der Edith-Stein-Schule Ravensburg &amp; Aulendorf diskutierten engagiert und fair \u00fcber die Zukunft der Demokratie mit Sander Frank (Stadtrat der Linken in Friedrichshafen), Benedikt Kellerer (Bildungsreferent BDKJ Di\u00f6zesanstelle &amp; Fachstelle Demokratiebildung), Korbinian  Sekul (Kreisrat der SPD), Marvin Weichelt (Gewerkschaft Verdi) und Anna Wiech (Kandidatin der Gr\u00fcnen f\u00fcr den Kreistag und Gemeinderat Ravensburg). Dabei wurde deutlich, dass sowohl im globalen als auch im nationalen Zusammenhang die Demokratie in eine kritische Lage geraten ist.<!--more--><\/p>\n<p>In den USA, einem politischen Schwergewicht der Welt, besteht die Gefahr, dass ein ehemaliger Pr\u00e4sident wieder kandidiert, der seine Anh\u00e4nger zum Sturm auf das Kapitol aufrief, weil er eine Wahlniederlage nicht akzeptieren konnte. Man war sich einig, dass dort Defizite bestehen, die man in Europa so nicht kennt. In Russland herrscht ein Machthaber, der vor kriegerischem Einsatz nicht zur\u00fcckschreckt, um seine eigene Position zu st\u00e4rken. Die politischen Strukturen sind dort derartig verh\u00e4rtet, dass mit einer schnellen Besserung nicht zu rechnen und viel Zuversicht n\u00f6tig ist. In Deutschland ist die Demokratie durch populistische Kr\u00e4fte in Bedr\u00e4ngnis geraten. Eine Dreierkoalition hat Schwierigkeiten, eine einheitliche Linie zu vertreten und ihre Erfolge zu verdeutlichen. Demokratiefeinde nutzen dies aus, um sich damit popul\u00e4r zu machen. Zudem geht die Schere zwischen arm und reich immer weiter auf, so dass so mancher den bestehenden Verh\u00e4ltnissen nicht mehr zutraut, noch das eigene Wohl zu bef\u00f6rdern.<\/p>\n<p>In dieser Situation kommt der Jugend eine besondere Rolle zu. Durch eine Herabsetzung des Wahlalters werden sie in die Lage versetzt, besser partizipieren zu k\u00f6nnen. Verst\u00e4ndlichere Parteiprogramme sollten f\u00fcr sie aufgelegt werden. Sie ist aufgefordert, sich an den Entscheidungsprozessen zu beteiligen, damit die Chancen der Zukunft besser gewahrt werden k\u00f6nnen. Als Grundlage f\u00fcr Frieden und Freiheit, Gerechtigkeit und sozialen Ausgleich, Rechtsstaatlichkeit sowie Gleichbehandlung erschien die Demokratie allen unverzichtbar. Das Podium und die Sch\u00fclerinnen und Sch\u00fcler gaben mit der offenen Diskussion ein Beispiel f\u00fcr ein beeindruckendes gesellschaftliches Interesse und zeigten Bereitschaft, sich f\u00fcr die Demokratie einzusetzen.<\/p>\n","protected":false},"excerpt":{"rendered":"<p>Podiumsdiskussion zur Zukunft der Demokratie Sch\u00fclerinnen und Sch\u00fcler der Edith-Stein-Schule Ravensburg &amp; Aulendorf diskutierten engagiert und fair \u00fcber die Zukunft der Demokratie mit Sander Frank (Stadtrat der Linken in Friedrichshafen), Benedikt Kellerer (Bildungsreferent BDKJ Di\u00f6zesanstelle &amp; Fachstelle Demokratiebildung), Korbinian Sekul (Kreisrat der SPD), Marvin Weichelt (Gewerkschaft Verdi) und Anna Wiech (Kandidatin der Gr\u00fcnen f\u00fcr den &hellip; <a href=\"https:\/\/www.ess-rv.de\/?p=8745\" class=\"more-link\"><span class=\"screen-reader-text\">UNESCO-Projektschule<\/span> weiterlesen <span class=\"meta-nav\">&rarr;<\/span><\/a><\/p>\n","protected":false},"author":3,"featured_media":0,"comment_status":"closed","ping_status":"closed","sticky":false,"template":"","format":"standard","meta":{"footnotes":"","_links_to":"","_links_to_target":""},"categories":[477,404,422,483,18,457,29,30,7,2,200,201,202,203,47,198],"tags":[478,50,444,49,84],"class_list":["post-8745","post","type-post","status-publish","format-standard","hentry","category-1bkfh","category-2bfh","category-2bfp","category-2bkeh","category-ausserschulische-veranstaltung","category-avdual","category-berufliche-gymnasien","category-berufsfachschule","category-berufskolleg","category-bildungsangebot","category-btg","category-eg","category-gg","category-sg","category-soziales-engagement","category-standort-ravensburg","tag-2023-2024","tag-engagement","tag-politik","tag-ravensburg","tag-unesco"],"_links":{"self":[{"href":"https:\/\/www.ess-rv.de\/index.php?rest_route=\/wp\/v2\/posts\/8745","targetHints":{"allow":["GET"]}}],"collection":[{"href":"https:\/\/www.ess-rv.de\/index.php?rest_route=\/wp\/v2\/posts"}],"about":[{"href":"https:\/\/www.ess-rv.de\/index.php?rest_route=\/wp\/v2\/types\/post"}],"author":[{"embeddable":true,"href":"https:\/\/www.ess-rv.de\/index.php?rest_route=\/wp\/v2\/users\/3"}],"replies":[{"embeddable":true,"href":"https:\/\/www.ess-rv.de\/index.php?rest_route=%2Fwp%2Fv2%2Fcomments&post=8745"}],"version-history":[{"count":4,"href":"https:\/\/www.ess-rv.de\/index.php?rest_route=\/wp\/v2\/posts\/8745\/revisions"}],"predecessor-version":[{"id":8804,"href":"https:\/\/www.ess-rv.de\/index.php?rest_route=\/wp\/v2\/posts\/8745\/revisions\/8804"}],"wp:attachment":[{"href":"https:\/\/www.ess-rv.de\/index.php?rest_route=%2Fwp%2Fv2%2Fmedia&parent=8745"}],"wp:term":[{"taxonomy":"category","embeddable":true,"href":"https:\/\/www.ess-rv.de\/index.php?rest_route=%2Fwp%2Fv2%2Fcategories&post=8745"},{"taxonomy":"post_tag","embeddable":true,"href":"https:\/\/www.ess-rv.de\/index.php?rest_route=%2Fwp%2Fv2%2Ftags&post=8745"}],"curies":[{"name":"wp","href":"https:\/\/api.w.org\/{rel}","templated":true}]}}