{"id":8787,"date":"2024-05-08T17:41:35","date_gmt":"2024-05-08T15:41:35","guid":{"rendered":"https:\/\/www.ess-rv.de\/?p=8787"},"modified":"2024-05-08T17:41:35","modified_gmt":"2024-05-08T15:41:35","slug":"unesco-projektschule-8","status":"publish","type":"post","link":"https:\/\/www.ess-rv.de\/?p=8787","title":{"rendered":"UNESCO-Projektschule"},"content":{"rendered":"<h2 class=\"KopfTitel\">UNESCO-Treffen in M\u00fcnsingen<\/h2>\n<p><a href=\"https:\/\/www.ess-rv.de\/wp-content\/uploads\/2024\/05\/2024-05-1080_01.jpg\"><img loading=\"lazy\" decoding=\"async\" class=\"alignright size-medium wp-image-8788\" src=\"https:\/\/www.ess-rv.de\/wp-content\/uploads\/2024\/05\/2024-05-1080_01-300x169.jpg\" alt=\"\" width=\"300\" height=\"169\" srcset=\"https:\/\/www.ess-rv.de\/wp-content\/uploads\/2024\/05\/2024-05-1080_01-300x169.jpg 300w, https:\/\/www.ess-rv.de\/wp-content\/uploads\/2024\/05\/2024-05-1080_01-1024x576.jpg 1024w, https:\/\/www.ess-rv.de\/wp-content\/uploads\/2024\/05\/2024-05-1080_01-768x432.jpg 768w, https:\/\/www.ess-rv.de\/wp-content\/uploads\/2024\/05\/2024-05-1080_01.jpg 1280w\" sizes=\"auto, (max-width: 300px) 100vw, 300px\" \/><\/a>Drei Sch\u00fcler des VAB01 besuchten das regionale Sommercamp in M\u00fcnsingen und trafen dort auf Delegationen aus T\u00fcbingen, Leutkirch, Rottenburg und Bad Buchau. Zun\u00e4chst f\u00fchrte ein Ranger durch das dortige Biosph\u00e4renreservat. Als dort in den 90er Jahren 20 000 Soldaten abgezogen wurden, war das f\u00fcr die Region auch ein gro\u00dfer wirtschaftlicher Einbruch. <!--more--><\/p>\n<p>Den vielf\u00e4ltigen Naturraum wollte man nun besonders sch\u00fctzen und mit touristischen Ambitionen in Einklang bringen. Heute umfasst das Gebiet 85\u00a0270\u00a0ha und die beteiligten Kommunen m\u00fcssen mindestens 3% der Fl\u00e4che als Kernzone v\u00f6llig der Natur \u00fcberlassen. Daneben gibt es Pflege- und Nutzungszonen die mit dem menschlichen Wirtschaften abgeglichen werden m\u00fcssen. S\u00fcdlich von Reutlingen und Metzingen gibt es sogar Industriegebiete, die sich dem Reglement des Naturschutzes angepasst haben. Das Konzept ist so erfolgreich , dass nun eine Ausweitung des Reservates angestrebt wird.<\/p>\n<p>Am Nachmittag konnten die Sch\u00fclerinnen und Sch\u00fcler noch die Ausstellungsfl\u00e4chen des Biosph\u00e4renzentrums mit zahlreichen Animationen erkunden. Den Abschluss bildeten Arbeitsgruppen, die Vogelnistk\u00e4sten, Fledermausklappen und Insektenhotels zusammenbauen konnten. Hier konnte jeder sein handwerkliches Geschick erproben und sich im UNESCO Netzwerk mit den anderen Schulen austauschen.<\/p>\n","protected":false},"excerpt":{"rendered":"<p>UNESCO-Treffen in M\u00fcnsingen Drei Sch\u00fcler des VAB01 besuchten das regionale Sommercamp in M\u00fcnsingen und trafen dort auf Delegationen aus T\u00fcbingen, Leutkirch, Rottenburg und Bad Buchau. Zun\u00e4chst f\u00fchrte ein Ranger durch das dortige Biosph\u00e4renreservat. Als dort in den 90er Jahren 20 000 Soldaten abgezogen wurden, war das f\u00fcr die Region auch ein gro\u00dfer wirtschaftlicher Einbruch.<\/p>\n","protected":false},"author":3,"featured_media":0,"comment_status":"closed","ping_status":"closed","sticky":false,"template":"","format":"standard","meta":{"footnotes":"","_links_to":"","_links_to_target":""},"categories":[18,96,2,402,198,108,89],"tags":[478,101,254,49,84,39],"class_list":["post-8787","post","type-post","status-publish","format-standard","hentry","category-ausserschulische-veranstaltung","category-austausch","category-bildungsangebot","category-projekttag","category-standort-ravensburg","category-umweltschutz","category-vabo","tag-2023-2024","tag-austausch","tag-exkursion","tag-ravensburg","tag-unesco","tag-vabo"],"_links":{"self":[{"href":"https:\/\/www.ess-rv.de\/index.php?rest_route=\/wp\/v2\/posts\/8787","targetHints":{"allow":["GET"]}}],"collection":[{"href":"https:\/\/www.ess-rv.de\/index.php?rest_route=\/wp\/v2\/posts"}],"about":[{"href":"https:\/\/www.ess-rv.de\/index.php?rest_route=\/wp\/v2\/types\/post"}],"author":[{"embeddable":true,"href":"https:\/\/www.ess-rv.de\/index.php?rest_route=\/wp\/v2\/users\/3"}],"replies":[{"embeddable":true,"href":"https:\/\/www.ess-rv.de\/index.php?rest_route=%2Fwp%2Fv2%2Fcomments&post=8787"}],"version-history":[{"count":2,"href":"https:\/\/www.ess-rv.de\/index.php?rest_route=\/wp\/v2\/posts\/8787\/revisions"}],"predecessor-version":[{"id":8790,"href":"https:\/\/www.ess-rv.de\/index.php?rest_route=\/wp\/v2\/posts\/8787\/revisions\/8790"}],"wp:attachment":[{"href":"https:\/\/www.ess-rv.de\/index.php?rest_route=%2Fwp%2Fv2%2Fmedia&parent=8787"}],"wp:term":[{"taxonomy":"category","embeddable":true,"href":"https:\/\/www.ess-rv.de\/index.php?rest_route=%2Fwp%2Fv2%2Fcategories&post=8787"},{"taxonomy":"post_tag","embeddable":true,"href":"https:\/\/www.ess-rv.de\/index.php?rest_route=%2Fwp%2Fv2%2Ftags&post=8787"}],"curies":[{"name":"wp","href":"https:\/\/api.w.org\/{rel}","templated":true}]}}