{"id":8821,"date":"2024-06-24T13:32:19","date_gmt":"2024-06-24T11:32:19","guid":{"rendered":"https:\/\/www.ess-rv.de\/?p=8821"},"modified":"2024-06-24T13:39:59","modified_gmt":"2024-06-24T11:39:59","slug":"spanischkurs-der-jahrgangsstufe-2","status":"publish","type":"post","link":"https:\/\/www.ess-rv.de\/?p=8821","title":{"rendered":"Spanischkurs der Jahrgangsstufe 2"},"content":{"rendered":"<h2 class=\"KopfTitel\">Cocinamos platos deliciosos<\/h2>\n<p><a href=\"https:\/\/www.ess-rv.de\/wp-content\/uploads\/2024\/06\/IMG_1156-scaled-e1719228549367.jpeg\"><img loading=\"lazy\" decoding=\"async\" src=\"https:\/\/www.ess-rv.de\/wp-content\/uploads\/2024\/06\/IMG_1156-scaled-e1719228549367-300x204.jpeg\" alt=\"\" width=\"300\" height=\"204\" class=\"alignright size-medium wp-image-8823\" srcset=\"https:\/\/www.ess-rv.de\/wp-content\/uploads\/2024\/06\/IMG_1156-scaled-e1719228549367-300x204.jpeg 300w, https:\/\/www.ess-rv.de\/wp-content\/uploads\/2024\/06\/IMG_1156-scaled-e1719228549367-1024x696.jpeg 1024w, https:\/\/www.ess-rv.de\/wp-content\/uploads\/2024\/06\/IMG_1156-scaled-e1719228549367-768x522.jpeg 768w, https:\/\/www.ess-rv.de\/wp-content\/uploads\/2024\/06\/IMG_1156-scaled-e1719228549367-1536x1044.jpeg 1536w, https:\/\/www.ess-rv.de\/wp-content\/uploads\/2024\/06\/IMG_1156-scaled-e1719228549367.jpeg 1920w\" sizes=\"auto, (max-width: 300px) 100vw, 300px\" \/><\/a>Letzte Woche hat der Spanischkurs des Abiturjahrgangs zum Abschluss ihrer Schulzeit spanisch und mexikanisch gekocht. Es war eine gro\u00dfartige Gelegenheit, nicht nur die Sprache, sondern auch die Kultur zu erleben. \u00a1Qu\u00e9 rico! \u00a1Adi\u00f3s!<\/p>\n<p>Die Ausstattung der Edith-Stein-Schule erm\u00f6glicht auch Kochprojekte in unseren K\u00fcchen. So finden immer wieder kulinarische &#8222;Ausfl\u00fcge&#8220; in den Fremdsprachen und in anderen F\u00e4chern wie den Ern\u00e4hrungswissenschaften statt.<\/p>\n","protected":false},"excerpt":{"rendered":"<p>Cocinamos platos deliciosos Letzte Woche hat der Spanischkurs des Abiturjahrgangs zum Abschluss ihrer Schulzeit spanisch und mexikanisch gekocht. Es war eine gro\u00dfartige Gelegenheit, nicht nur die Sprache, sondern auch die Kultur zu erleben. \u00a1Qu\u00e9 rico! \u00a1Adi\u00f3s! Die Ausstattung der Edith-Stein-Schule erm\u00f6glicht auch Kochprojekte in unseren K\u00fcchen. So finden immer wieder kulinarische &#8222;Ausfl\u00fcge&#8220; in den Fremdsprachen &hellip; <a href=\"https:\/\/www.ess-rv.de\/?p=8821\" class=\"more-link\"><span class=\"screen-reader-text\">Spanischkurs der Jahrgangsstufe 2<\/span> weiterlesen <span class=\"meta-nav\">&rarr;<\/span><\/a><\/p>\n","protected":false},"author":3,"featured_media":0,"comment_status":"closed","ping_status":"closed","sticky":false,"template":"","format":"standard","meta":{"footnotes":"","_links_to":"","_links_to_target":""},"categories":[29,2,200,201,202,203,198],"tags":[478,416,148,491,49,432],"class_list":["post-8821","post","type-post","status-publish","format-standard","hentry","category-berufliche-gymnasien","category-bildungsangebot","category-btg","category-eg","category-gg","category-sg","category-standort-ravensburg","tag-2023-2024","tag-aus-dem-unterricht","tag-berufliche-gymnasien","tag-fremdsprachen","tag-ravensburg","tag-spanisch"],"_links":{"self":[{"href":"https:\/\/www.ess-rv.de\/index.php?rest_route=\/wp\/v2\/posts\/8821","targetHints":{"allow":["GET"]}}],"collection":[{"href":"https:\/\/www.ess-rv.de\/index.php?rest_route=\/wp\/v2\/posts"}],"about":[{"href":"https:\/\/www.ess-rv.de\/index.php?rest_route=\/wp\/v2\/types\/post"}],"author":[{"embeddable":true,"href":"https:\/\/www.ess-rv.de\/index.php?rest_route=\/wp\/v2\/users\/3"}],"replies":[{"embeddable":true,"href":"https:\/\/www.ess-rv.de\/index.php?rest_route=%2Fwp%2Fv2%2Fcomments&post=8821"}],"version-history":[{"count":6,"href":"https:\/\/www.ess-rv.de\/index.php?rest_route=\/wp\/v2\/posts\/8821\/revisions"}],"predecessor-version":[{"id":8828,"href":"https:\/\/www.ess-rv.de\/index.php?rest_route=\/wp\/v2\/posts\/8821\/revisions\/8828"}],"wp:attachment":[{"href":"https:\/\/www.ess-rv.de\/index.php?rest_route=%2Fwp%2Fv2%2Fmedia&parent=8821"}],"wp:term":[{"taxonomy":"category","embeddable":true,"href":"https:\/\/www.ess-rv.de\/index.php?rest_route=%2Fwp%2Fv2%2Fcategories&post=8821"},{"taxonomy":"post_tag","embeddable":true,"href":"https:\/\/www.ess-rv.de\/index.php?rest_route=%2Fwp%2Fv2%2Ftags&post=8821"}],"curies":[{"name":"wp","href":"https:\/\/api.w.org\/{rel}","templated":true}]}}