{"id":8834,"date":"2024-07-11T21:12:18","date_gmt":"2024-07-11T19:12:18","guid":{"rendered":"https:\/\/www.ess-rv.de\/?p=8834"},"modified":"2024-07-11T21:12:18","modified_gmt":"2024-07-11T19:12:18","slug":"klassenfahrt-des-avdual","status":"publish","type":"post","link":"https:\/\/www.ess-rv.de\/?p=8834","title":{"rendered":"Klassenfahrt des AVDual"},"content":{"rendered":"<h2 class=\"KopfTitel\">Freier Eintritt in den Skyline Park<\/h2>\n<p><a href=\"https:\/\/www.ess-rv.de\/wp-content\/uploads\/2024\/07\/Foto-Skyline-Park.jpg\"><img loading=\"lazy\" decoding=\"async\" src=\"https:\/\/www.ess-rv.de\/wp-content\/uploads\/2024\/07\/Foto-Skyline-Park-300x225.jpg\" alt=\"\" width=\"300\" height=\"225\" class=\"alignright size-medium wp-image-8835\" srcset=\"https:\/\/www.ess-rv.de\/wp-content\/uploads\/2024\/07\/Foto-Skyline-Park-300x225.jpg 300w, https:\/\/www.ess-rv.de\/wp-content\/uploads\/2024\/07\/Foto-Skyline-Park-1024x768.jpg 1024w, https:\/\/www.ess-rv.de\/wp-content\/uploads\/2024\/07\/Foto-Skyline-Park-768x576.jpg 768w, https:\/\/www.ess-rv.de\/wp-content\/uploads\/2024\/07\/Foto-Skyline-Park.jpg 1280w\" sizes=\"auto, (max-width: 300px) 100vw, 300px\" \/><\/a>P\u00fcnktlich zur Schule kommen, die Schulmaterialien dabei haben und mitarbeiten, sich benehmen und die anderen im Unterricht nicht st\u00f6ren. F\u00fcr viele Sch\u00fclerinnen und Sch\u00fcler in der Schulart \u201eAusbildungsvorbereitung dual\u201c sind diese Soft Skills eine der gr\u00f6\u00dften Herausforderungen. Um diese Probleme anzugehen, startete die Schule erstmalig einen Versuch mit einem Belohnungssystem f\u00fcr gutes Verhalten.<!--more--><\/p>\n<p>Wer sich das ganze Jahr \u00fcber vorbildlich benommen hat, wurde mit einem vom F\u00f6rderverein der Edith-Stein-Schule finanzierten Hauptpreis belohnt: ein Ausflug in den Skyline Park nach Rammingen! Neun Personen aus verschiedenen Klassen durften am 5. Juli an der Fahrt mit Frau Elbs und Frau Gritz teilnehmen. \u201eEs hat voll Spa\u00df gemacht!\u201c, war von allen einstimmig zu vernehmen. Aber auch in einer Gruppe mit unbekannten Leuten unterwegs zu sein, war f\u00fcr manche eine neue Erfahrung. \u201eDie Gruppe war toll, und in der Schiffschaukel war es am besten, weil wir da alle zusammen drin waren\u201c, stellte Sofiia M. fest. F\u00fcr die kommenden AVdual-Sch\u00fcler hat die Gruppe wertvolle Tipps. Mustafa S.: \u201eEinfach p\u00fcnktlich sein und im Unterricht aufpassen!\u201c Oder Chiara P.: \u201eMan darf hierher und hat keine Probleme in der Schule!\u201c Kastida L. erg\u00e4nzt: \u201eEs lohnt sich einfach hierherzukommen!\u201c Der Blick in die m\u00fcden, aber zufriedenen Gesichter war auch f\u00fcr die Lehrerinnen ein Zeichen eines gelungenen Tages.<\/p>\n","protected":false},"excerpt":{"rendered":"<p>Freier Eintritt in den Skyline Park P\u00fcnktlich zur Schule kommen, die Schulmaterialien dabei haben und mitarbeiten, sich benehmen und die anderen im Unterricht nicht st\u00f6ren. F\u00fcr viele Sch\u00fclerinnen und Sch\u00fcler in der Schulart \u201eAusbildungsvorbereitung dual\u201c sind diese Soft Skills eine der gr\u00f6\u00dften Herausforderungen. Um diese Probleme anzugehen, startete die Schule erstmalig einen Versuch mit einem &hellip; <a href=\"https:\/\/www.ess-rv.de\/?p=8834\" class=\"more-link\"><span class=\"screen-reader-text\">Klassenfahrt des AVDual<\/span> weiterlesen <span class=\"meta-nav\">&rarr;<\/span><\/a><\/p>\n","protected":false},"author":3,"featured_media":0,"comment_status":"closed","ping_status":"closed","sticky":false,"template":"","format":"standard","meta":{"footnotes":"","_links_to":"","_links_to_target":""},"categories":[18,457,2,190,198],"tags":[478,458,254,160,49],"class_list":["post-8834","post","type-post","status-publish","format-standard","hentry","category-ausserschulische-veranstaltung","category-avdual","category-bildungsangebot","category-exkursion","category-standort-ravensburg","tag-2023-2024","tag-avdual","tag-exkursion","tag-klassenfahrt","tag-ravensburg"],"_links":{"self":[{"href":"https:\/\/www.ess-rv.de\/index.php?rest_route=\/wp\/v2\/posts\/8834","targetHints":{"allow":["GET"]}}],"collection":[{"href":"https:\/\/www.ess-rv.de\/index.php?rest_route=\/wp\/v2\/posts"}],"about":[{"href":"https:\/\/www.ess-rv.de\/index.php?rest_route=\/wp\/v2\/types\/post"}],"author":[{"embeddable":true,"href":"https:\/\/www.ess-rv.de\/index.php?rest_route=\/wp\/v2\/users\/3"}],"replies":[{"embeddable":true,"href":"https:\/\/www.ess-rv.de\/index.php?rest_route=%2Fwp%2Fv2%2Fcomments&post=8834"}],"version-history":[{"count":2,"href":"https:\/\/www.ess-rv.de\/index.php?rest_route=\/wp\/v2\/posts\/8834\/revisions"}],"predecessor-version":[{"id":8837,"href":"https:\/\/www.ess-rv.de\/index.php?rest_route=\/wp\/v2\/posts\/8834\/revisions\/8837"}],"wp:attachment":[{"href":"https:\/\/www.ess-rv.de\/index.php?rest_route=%2Fwp%2Fv2%2Fmedia&parent=8834"}],"wp:term":[{"taxonomy":"category","embeddable":true,"href":"https:\/\/www.ess-rv.de\/index.php?rest_route=%2Fwp%2Fv2%2Fcategories&post=8834"},{"taxonomy":"post_tag","embeddable":true,"href":"https:\/\/www.ess-rv.de\/index.php?rest_route=%2Fwp%2Fv2%2Ftags&post=8834"}],"curies":[{"name":"wp","href":"https:\/\/api.w.org\/{rel}","templated":true}]}}