{"id":8872,"date":"2024-07-18T13:34:02","date_gmt":"2024-07-18T11:34:02","guid":{"rendered":"https:\/\/www.ess-rv.de\/?p=8872"},"modified":"2024-07-18T13:50:59","modified_gmt":"2024-07-18T11:50:59","slug":"abitur-2024","status":"publish","type":"post","link":"https:\/\/www.ess-rv.de\/?p=8872","title":{"rendered":"Abitur 2024"},"content":{"rendered":"<h2 class=\"KopfTitel\">\u201eDabei sein war alles\u201c \u00a0&#8211; Zweimal Traumnote 1,0<\/h2>\n<p><strong>124 Abiturientinnen und Abiturienten des beruflichen Gymnasiums der Edith-Stein-Schule im Kultur- und Kongresszentrum Weingarten verabschiedet.<\/strong><\/p>\n<p><a href=\"https:\/\/www.ess-rv.de\/wp-content\/uploads\/2024\/07\/20240718_082706.jpg\"><img loading=\"lazy\" decoding=\"async\" class=\"aligncenter wp-image-8873\" src=\"https:\/\/www.ess-rv.de\/wp-content\/uploads\/2024\/07\/20240718_082706-1024x681.jpg\" alt=\"\" width=\"662\" height=\"440\" srcset=\"https:\/\/www.ess-rv.de\/wp-content\/uploads\/2024\/07\/20240718_082706-1024x681.jpg 1024w, https:\/\/www.ess-rv.de\/wp-content\/uploads\/2024\/07\/20240718_082706-300x200.jpg 300w, https:\/\/www.ess-rv.de\/wp-content\/uploads\/2024\/07\/20240718_082706-768x511.jpg 768w, https:\/\/www.ess-rv.de\/wp-content\/uploads\/2024\/07\/20240718_082706-1536x1022.jpg 1536w, https:\/\/www.ess-rv.de\/wp-content\/uploads\/2024\/07\/20240718_082706-600x400.jpg 600w, https:\/\/www.ess-rv.de\/wp-content\/uploads\/2024\/07\/20240718_082706.jpg 1920w\" sizes=\"auto, (max-width: 662px) 100vw, 662px\" \/><\/a><\/p>\n<p>Im Nachhinein war alles ganz einfach \u2013 so jedenfalls liest sich das Motto der Abiturientinnen und Abiturienten des beruflichen Gymnasiums der Edith-Stein-Schule Ravensburg: \u201eDabei sein war alles\u201c. Ganz ohne Anstrengung war dies jedoch auch f\u00fcr den diesj\u00e4hrigen Abi-Jahrgang nicht zu verwirklichen. Schulleiter Herber Weber gratuliert den Abiturientinnen und Abiturienten, die mit einem Gesamtdurchschnitt von 2,3 abgeschlossen haben, zu deren Leistung: \u201eMit dem heutigen Tag habt ihr einen Meilenstein in eurem Lebenslauf erreicht.\u201c <!--more--><\/p>\n<p>Gleichzeitig rief er den Abschlussjahrgang dazu auf, couragiert zu sein, neue Wege zu gehen und das Wagnis einzugehen, sich des eigenen Verstandes zu bedienen. Wie sehen die Entscheidungen aus, die einzelne Abiturientinnen und Abiturienten f\u00fcr ihre Zukunft getroffen haben? Hier ein paar Beispiele zum Anh\u00f6ren:<\/p>\n<audio class=\"wp-audio-shortcode\" id=\"audio-8872-1\" preload=\"none\" style=\"width: 100%;\" controls=\"controls\"><source type=\"audio\/mpeg\" src=\"https:\/\/www.ess-rv.de\/wp-content\/uploads\/2024\/07\/Vocaroo-1gbbdlCRS8oq.mp3?_=1\" \/><a href=\"https:\/\/www.ess-rv.de\/wp-content\/uploads\/2024\/07\/Vocaroo-1gbbdlCRS8oq.mp3\">https:\/\/www.ess-rv.de\/wp-content\/uploads\/2024\/07\/Vocaroo-1gbbdlCRS8oq.mp3<\/a><\/audio>\n<p>Bei der Zeugnisausgabe, bei der zweimal die Traumnote 1,0 und insgesamt 23 Preise und 23 Belobigungen, sowie zahlreiche Sonderpreise vergeben wurden, bekamen alle Abiturientinnen und Abiturienten eine Rose \u00fcberreicht. Es folgten Reden der Sprecherinnen und Sprecher der jeweiligen Profilfachklassen, in denen der Schulleitung, besonders Abteilungsleiterin Brigitte Sch\u00fcrmann, f\u00fcr die reibungslose Kommunikation und Organisation gedankt, sowie das Engagement der jeweiligen Tutorinnen und Tutoren in sehr wertsch\u00e4tzender Weise und mit kleinen Pr\u00e4senten gew\u00fcrdigt wurde. Den Abschluss der Veranstaltung bildete ein abwechslungsreiches Programm der jeweiligen Abschlussklassen: Ein Sch\u00fcler-Lehrer Labor Contest, ein Tanz, das \u201eVier Bilder &#8211; ein Lehrer\u201c R\u00e4tsel, ein \u201eWer wird Million\u00e4r?\u201c Quiz, gefolgt von einem\u00a0 Bingospiel sowie eine Zeugnis\u00fcbergabe mit Sonderpreisen f\u00fcr einzelne Lehrkr\u00e4fte zeigten einen spritzigen Jahrgang voller Lebensfreude und Gestaltungswillen, so dass sich beim Verlassen der Abiturfeier das Gef\u00fchl einstelle: \u201eDabei sein war alles.\u201c<\/p>\n","protected":false},"excerpt":{"rendered":"<p>\u201eDabei sein war alles\u201c \u00a0&#8211; Zweimal Traumnote 1,0 124 Abiturientinnen und Abiturienten des beruflichen Gymnasiums der Edith-Stein-Schule im Kultur- und Kongresszentrum Weingarten verabschiedet. Im Nachhinein war alles ganz einfach \u2013 so jedenfalls liest sich das Motto der Abiturientinnen und Abiturienten des beruflichen Gymnasiums der Edith-Stein-Schule Ravensburg: \u201eDabei sein war alles\u201c. Ganz ohne Anstrengung war dies &hellip; <a href=\"https:\/\/www.ess-rv.de\/?p=8872\" class=\"more-link\"><span class=\"screen-reader-text\">Abitur 2024<\/span> weiterlesen <span class=\"meta-nav\">&rarr;<\/span><\/a><\/p>\n","protected":false},"author":3,"featured_media":0,"comment_status":"closed","ping_status":"closed","sticky":false,"template":"","format":"standard","meta":{"footnotes":"","_links_to":"","_links_to_target":""},"categories":[29,2,200,201,152,202,203,198,196,33],"tags":[478,153,146,148,49],"class_list":["post-8872","post","type-post","status-publish","format-standard","hentry","category-berufliche-gymnasien","category-bildungsangebot","category-btg","category-eg","category-ehrung","category-gg","category-sg","category-standort-ravensburg","category-verabschiedung","category-veranstaltung","tag-2023-2024","tag-abitur","tag-abschlussfeier","tag-berufliche-gymnasien","tag-ravensburg"],"_links":{"self":[{"href":"https:\/\/www.ess-rv.de\/index.php?rest_route=\/wp\/v2\/posts\/8872","targetHints":{"allow":["GET"]}}],"collection":[{"href":"https:\/\/www.ess-rv.de\/index.php?rest_route=\/wp\/v2\/posts"}],"about":[{"href":"https:\/\/www.ess-rv.de\/index.php?rest_route=\/wp\/v2\/types\/post"}],"author":[{"embeddable":true,"href":"https:\/\/www.ess-rv.de\/index.php?rest_route=\/wp\/v2\/users\/3"}],"replies":[{"embeddable":true,"href":"https:\/\/www.ess-rv.de\/index.php?rest_route=%2Fwp%2Fv2%2Fcomments&post=8872"}],"version-history":[{"count":7,"href":"https:\/\/www.ess-rv.de\/index.php?rest_route=\/wp\/v2\/posts\/8872\/revisions"}],"predecessor-version":[{"id":8880,"href":"https:\/\/www.ess-rv.de\/index.php?rest_route=\/wp\/v2\/posts\/8872\/revisions\/8880"}],"wp:attachment":[{"href":"https:\/\/www.ess-rv.de\/index.php?rest_route=%2Fwp%2Fv2%2Fmedia&parent=8872"}],"wp:term":[{"taxonomy":"category","embeddable":true,"href":"https:\/\/www.ess-rv.de\/index.php?rest_route=%2Fwp%2Fv2%2Fcategories&post=8872"},{"taxonomy":"post_tag","embeddable":true,"href":"https:\/\/www.ess-rv.de\/index.php?rest_route=%2Fwp%2Fv2%2Ftags&post=8872"}],"curies":[{"name":"wp","href":"https:\/\/api.w.org\/{rel}","templated":true}]}}