{"id":8968,"date":"2024-10-30T10:47:38","date_gmt":"2024-10-30T09:47:38","guid":{"rendered":"https:\/\/www.ess-rv.de\/?p=8968"},"modified":"2024-12-12T18:17:43","modified_gmt":"2024-12-12T17:17:43","slug":"kennenlerntage-in-den-eingangsklassen","status":"publish","type":"post","link":"https:\/\/www.ess-rv.de\/?p=8968","title":{"rendered":"Kennenlerntage in den Eingangsklassen"},"content":{"rendered":"<h2 class=\"KopfTitel\">120 Sch\u00fclerinnen und Sch\u00fcler im Humboldt-Institut in Bad Schussenried<\/h2>\n<div id='gallery-1' class='gallery galleryid-8968 gallery-columns-3 gallery-size-thumbnail'><figure class='gallery-item'>\n\t\t\t<div class='gallery-icon portrait'>\n\t\t\t\t<a href='https:\/\/www.ess-rv.de\/wp-content\/uploads\/2024\/10\/2024-10-30-kennenlerntage_ek-1280-004.jpg'><img loading=\"lazy\" decoding=\"async\" width=\"215\" height=\"215\" src=\"https:\/\/www.ess-rv.de\/wp-content\/uploads\/2024\/10\/2024-10-30-kennenlerntage_ek-1280-004-215x215.jpg\" class=\"attachment-thumbnail size-thumbnail\" alt=\"\" \/><\/a>\n\t\t\t<\/div><\/figure><figure class='gallery-item'>\n\t\t\t<div class='gallery-icon landscape'>\n\t\t\t\t<a href='https:\/\/www.ess-rv.de\/wp-content\/uploads\/2024\/10\/2024-10-30-kennenlerntage_ek-1280-002.jpg'><img loading=\"lazy\" decoding=\"async\" width=\"215\" height=\"215\" src=\"https:\/\/www.ess-rv.de\/wp-content\/uploads\/2024\/10\/2024-10-30-kennenlerntage_ek-1280-002-215x215.jpg\" class=\"attachment-thumbnail size-thumbnail\" alt=\"\" \/><\/a>\n\t\t\t<\/div><\/figure><figure class='gallery-item'>\n\t\t\t<div class='gallery-icon landscape'>\n\t\t\t\t<a href='https:\/\/www.ess-rv.de\/wp-content\/uploads\/2024\/10\/2024-10-30-kennenlerntage_ek-1280-001.jpg'><img loading=\"lazy\" decoding=\"async\" width=\"215\" height=\"215\" src=\"https:\/\/www.ess-rv.de\/wp-content\/uploads\/2024\/10\/2024-10-30-kennenlerntage_ek-1280-001-215x215.jpg\" class=\"attachment-thumbnail size-thumbnail\" alt=\"\" \/><\/a>\n\t\t\t<\/div><\/figure><figure class='gallery-item'>\n\t\t\t<div class='gallery-icon portrait'>\n\t\t\t\t<a href='https:\/\/www.ess-rv.de\/wp-content\/uploads\/2024\/10\/2024-10-30-kennenlerntage_ek-1280-006.jpg'><img loading=\"lazy\" decoding=\"async\" width=\"215\" height=\"215\" src=\"https:\/\/www.ess-rv.de\/wp-content\/uploads\/2024\/10\/2024-10-30-kennenlerntage_ek-1280-006-215x215.jpg\" class=\"attachment-thumbnail size-thumbnail\" alt=\"\" \/><\/a>\n\t\t\t<\/div><\/figure><figure class='gallery-item'>\n\t\t\t<div class='gallery-icon portrait'>\n\t\t\t\t<a href='https:\/\/www.ess-rv.de\/wp-content\/uploads\/2024\/10\/2024-10-30-kennenlerntage_ek-1280-003.jpg'><img loading=\"lazy\" decoding=\"async\" width=\"215\" height=\"215\" src=\"https:\/\/www.ess-rv.de\/wp-content\/uploads\/2024\/10\/2024-10-30-kennenlerntage_ek-1280-003-215x215.jpg\" class=\"attachment-thumbnail size-thumbnail\" alt=\"\" \/><\/a>\n\t\t\t<\/div><\/figure><figure class='gallery-item'>\n\t\t\t<div class='gallery-icon portrait'>\n\t\t\t\t<a href='https:\/\/www.ess-rv.de\/wp-content\/uploads\/2024\/10\/2024-10-30-kennenlerntage_ek-1280-005.jpg'><img loading=\"lazy\" decoding=\"async\" width=\"215\" height=\"215\" src=\"https:\/\/www.ess-rv.de\/wp-content\/uploads\/2024\/10\/2024-10-30-kennenlerntage_ek-1280-005-215x215.jpg\" class=\"attachment-thumbnail size-thumbnail\" alt=\"\" \/><\/a>\n\t\t\t<\/div><\/figure>\n\t\t<\/div>\n\n<p>Alle Eingangsklassen des beruflichen Gymnasiums machten sich zum Schuljahresbeginn auf nach Bad Schussenried: Schon das Einsteigen am Bahnhof Ravensburg war ein Erlebnis mit einer so gro\u00dfen Gruppe, klappte aber reibungslos. Nach einem drei Kilometer langen Fu\u00dfmarsch erwartete die Wandergruppe das von einem Park, einem Wald und einem See umgebene Humboldt-Institut. Nach einem leckeren Mittagessen stand die Entdeckung der Umgebung auf dem Plan. Die kleinen Ausfl\u00fcge, eine F\u00fchrung in den barocken R\u00e4umen des ehemaligen Klosters sowie ein Halbtag voller Erlebnisp\u00e4dagogik boten vielf\u00e4ltige M\u00f6glichkeiten der Begegnung, des Austausches und der Gemeinschaft. <\/p>\n","protected":false},"excerpt":{"rendered":"<p>120 Sch\u00fclerinnen und Sch\u00fcler im Humboldt-Institut in Bad Schussenried Alle Eingangsklassen des beruflichen Gymnasiums machten sich zum Schuljahresbeginn auf nach Bad Schussenried: Schon das Einsteigen am Bahnhof Ravensburg war ein Erlebnis mit einer so gro\u00dfen Gruppe, klappte aber reibungslos. Nach einem drei Kilometer langen Fu\u00dfmarsch erwartete die Wandergruppe das von einem Park, einem Wald und &hellip; <a href=\"https:\/\/www.ess-rv.de\/?p=8968\" class=\"more-link\"><span class=\"screen-reader-text\">Kennenlerntage in den Eingangsklassen<\/span> weiterlesen <span class=\"meta-nav\">&rarr;<\/span><\/a><\/p>\n","protected":false},"author":3,"featured_media":0,"comment_status":"closed","ping_status":"closed","sticky":false,"template":"","format":"standard","meta":{"footnotes":"","_links_to":"","_links_to_target":""},"categories":[18,29,2,200,201,117,202,156,203,198],"tags":[492,148,118,160,49],"class_list":["post-8968","post","type-post","status-publish","format-standard","hentry","category-ausserschulische-veranstaltung","category-berufliche-gymnasien","category-bildungsangebot","category-btg","category-eg","category-erlebnispaedagogik","category-gg","category-klassenfahrt","category-sg","category-standort-ravensburg","tag-2024-2025","tag-berufliche-gymnasien","tag-erlebnispaedagogik","tag-klassenfahrt","tag-ravensburg"],"_links":{"self":[{"href":"https:\/\/www.ess-rv.de\/index.php?rest_route=\/wp\/v2\/posts\/8968","targetHints":{"allow":["GET"]}}],"collection":[{"href":"https:\/\/www.ess-rv.de\/index.php?rest_route=\/wp\/v2\/posts"}],"about":[{"href":"https:\/\/www.ess-rv.de\/index.php?rest_route=\/wp\/v2\/types\/post"}],"author":[{"embeddable":true,"href":"https:\/\/www.ess-rv.de\/index.php?rest_route=\/wp\/v2\/users\/3"}],"replies":[{"embeddable":true,"href":"https:\/\/www.ess-rv.de\/index.php?rest_route=%2Fwp%2Fv2%2Fcomments&post=8968"}],"version-history":[{"count":1,"href":"https:\/\/www.ess-rv.de\/index.php?rest_route=\/wp\/v2\/posts\/8968\/revisions"}],"predecessor-version":[{"id":8975,"href":"https:\/\/www.ess-rv.de\/index.php?rest_route=\/wp\/v2\/posts\/8968\/revisions\/8975"}],"wp:attachment":[{"href":"https:\/\/www.ess-rv.de\/index.php?rest_route=%2Fwp%2Fv2%2Fmedia&parent=8968"}],"wp:term":[{"taxonomy":"category","embeddable":true,"href":"https:\/\/www.ess-rv.de\/index.php?rest_route=%2Fwp%2Fv2%2Fcategories&post=8968"},{"taxonomy":"post_tag","embeddable":true,"href":"https:\/\/www.ess-rv.de\/index.php?rest_route=%2Fwp%2Fv2%2Ftags&post=8968"}],"curies":[{"name":"wp","href":"https:\/\/api.w.org\/{rel}","templated":true}]}}