{"id":8976,"date":"2024-11-01T05:00:01","date_gmt":"2024-11-01T04:00:01","guid":{"rendered":"https:\/\/www.ess-rv.de\/?p=8976"},"modified":"2024-10-30T11:02:32","modified_gmt":"2024-10-30T10:02:32","slug":"8976","status":"publish","type":"post","link":"https:\/\/www.ess-rv.de\/?p=8976","title":{"rendered":"Jumpen statt Wandern"},"content":{"rendered":"<p><a href=\"https:\/\/www.ess-rv.de\/wp-content\/uploads\/2024\/10\/WhatsApp-Bild-2024-10-24-um-22.18.07_df4b9a5e-e1730282276101.jpg\"><img loading=\"lazy\" decoding=\"async\" src=\"https:\/\/www.ess-rv.de\/wp-content\/uploads\/2024\/10\/WhatsApp-Bild-2024-10-24-um-22.18.07_df4b9a5e-300x225.jpg\" alt=\"\" width=\"300\" height=\"225\" class=\"alignright size-medium wp-image-8977\" \/><\/a>Einen sportlich aktiven Ausflug haben sich die beiden Klassen AV2 und die 2BFH2 gew\u00fcnscht. Am 23. Oktober ging es daher zum gemeinsamen Trampolinspringen in die JumpTown-Halle nach Bad Saulgau. Dort konnten die Jugendlichen nach Herzenslust Kr\u00e4fte am Boxautomaten messen, sich mit Hochspringen Punkte verdienen und auf den Trampolinen mit Saltos ihre Begleitpersonen Frau Bigalke, Frau Gritz und Frau \u00d6zt\u00fcrk beeindrucken. Es war ein actionreicher Vormittag, der allen Spa\u00df gemacht hat.<\/p>\n","protected":false},"excerpt":{"rendered":"<p>Einen sportlich aktiven Ausflug haben sich die beiden Klassen AV2 und die 2BFH2 gew\u00fcnscht. Am 23. Oktober ging es daher zum gemeinsamen Trampolinspringen in die JumpTown-Halle nach Bad Saulgau. Dort konnten die Jugendlichen nach Herzenslust Kr\u00e4fte am Boxautomaten messen, sich mit Hochspringen Punkte verdienen und auf den Trampolinen mit Saltos ihre Begleitpersonen Frau Bigalke, Frau &hellip; <a href=\"https:\/\/www.ess-rv.de\/?p=8976\" class=\"more-link\"><span class=\"screen-reader-text\">Jumpen statt Wandern<\/span> weiterlesen <span class=\"meta-nav\">&rarr;<\/span><\/a><\/p>\n","protected":false},"author":3,"featured_media":0,"comment_status":"closed","ping_status":"closed","sticky":false,"template":"","format":"standard","meta":{"footnotes":"","_links_to":"","_links_to_target":""},"categories":[404,18,457,30,2,117,190,156],"tags":[492,458,157,118,160],"class_list":["post-8976","post","type-post","status-publish","format-standard","hentry","category-2bfh","category-ausserschulische-veranstaltung","category-avdual","category-berufsfachschule","category-bildungsangebot","category-erlebnispaedagogik","category-exkursion","category-klassenfahrt","tag-2024-2025","tag-avdual","tag-berufsfachschule","tag-erlebnispaedagogik","tag-klassenfahrt"],"_links":{"self":[{"href":"https:\/\/www.ess-rv.de\/index.php?rest_route=\/wp\/v2\/posts\/8976","targetHints":{"allow":["GET"]}}],"collection":[{"href":"https:\/\/www.ess-rv.de\/index.php?rest_route=\/wp\/v2\/posts"}],"about":[{"href":"https:\/\/www.ess-rv.de\/index.php?rest_route=\/wp\/v2\/types\/post"}],"author":[{"embeddable":true,"href":"https:\/\/www.ess-rv.de\/index.php?rest_route=\/wp\/v2\/users\/3"}],"replies":[{"embeddable":true,"href":"https:\/\/www.ess-rv.de\/index.php?rest_route=%2Fwp%2Fv2%2Fcomments&post=8976"}],"version-history":[{"count":3,"href":"https:\/\/www.ess-rv.de\/index.php?rest_route=\/wp\/v2\/posts\/8976\/revisions"}],"predecessor-version":[{"id":8980,"href":"https:\/\/www.ess-rv.de\/index.php?rest_route=\/wp\/v2\/posts\/8976\/revisions\/8980"}],"wp:attachment":[{"href":"https:\/\/www.ess-rv.de\/index.php?rest_route=%2Fwp%2Fv2%2Fmedia&parent=8976"}],"wp:term":[{"taxonomy":"category","embeddable":true,"href":"https:\/\/www.ess-rv.de\/index.php?rest_route=%2Fwp%2Fv2%2Fcategories&post=8976"},{"taxonomy":"post_tag","embeddable":true,"href":"https:\/\/www.ess-rv.de\/index.php?rest_route=%2Fwp%2Fv2%2Ftags&post=8976"}],"curies":[{"name":"wp","href":"https:\/\/api.w.org\/{rel}","templated":true}]}}