{"id":9160,"date":"2025-01-10T18:18:59","date_gmt":"2025-01-10T17:18:59","guid":{"rendered":"https:\/\/www.ess-rv.de\/?p=9160"},"modified":"2025-01-10T18:18:59","modified_gmt":"2025-01-10T17:18:59","slug":"projekte-am-eine-welt-tag","status":"publish","type":"post","link":"https:\/\/www.ess-rv.de\/?p=9160","title":{"rendered":"Projekte am Eine-Welt-Tag"},"content":{"rendered":"<h2 class=\"KopfTitel\">Malen und Zeichnen zur Livemusik<\/h2>\n<div id='gallery-1' class='gallery galleryid-9160 gallery-columns-3 gallery-size-thumbnail'><figure class='gallery-item'>\n\t\t\t<div class='gallery-icon landscape'>\n\t\t\t\t<a href='https:\/\/www.ess-rv.de\/wp-content\/uploads\/2025\/01\/1980-01-01-ewt_projekt-1280-001.jpg'><img loading=\"lazy\" decoding=\"async\" width=\"215\" height=\"215\" src=\"https:\/\/www.ess-rv.de\/wp-content\/uploads\/2025\/01\/1980-01-01-ewt_projekt-1280-001-215x215.jpg\" class=\"attachment-thumbnail size-thumbnail\" alt=\"\" \/><\/a>\n\t\t\t<\/div><\/figure><figure class='gallery-item'>\n\t\t\t<div class='gallery-icon portrait'>\n\t\t\t\t<a href='https:\/\/www.ess-rv.de\/wp-content\/uploads\/2025\/01\/1980-01-01-ewt_projekt-1280-008.jpg'><img loading=\"lazy\" decoding=\"async\" width=\"215\" height=\"215\" src=\"https:\/\/www.ess-rv.de\/wp-content\/uploads\/2025\/01\/1980-01-01-ewt_projekt-1280-008-215x215.jpg\" class=\"attachment-thumbnail size-thumbnail\" alt=\"\" \/><\/a>\n\t\t\t<\/div><\/figure><figure class='gallery-item'>\n\t\t\t<div class='gallery-icon portrait'>\n\t\t\t\t<a href='https:\/\/www.ess-rv.de\/wp-content\/uploads\/2025\/01\/1980-01-01-ewt_projekt-1280-007.jpg'><img loading=\"lazy\" decoding=\"async\" width=\"215\" height=\"215\" src=\"https:\/\/www.ess-rv.de\/wp-content\/uploads\/2025\/01\/1980-01-01-ewt_projekt-1280-007-215x215.jpg\" class=\"attachment-thumbnail size-thumbnail\" alt=\"\" \/><\/a>\n\t\t\t<\/div><\/figure><figure class='gallery-item'>\n\t\t\t<div class='gallery-icon landscape'>\n\t\t\t\t<a href='https:\/\/www.ess-rv.de\/wp-content\/uploads\/2025\/01\/1980-01-01-ewt_projekt-1280-005.jpg'><img loading=\"lazy\" decoding=\"async\" width=\"215\" height=\"215\" src=\"https:\/\/www.ess-rv.de\/wp-content\/uploads\/2025\/01\/1980-01-01-ewt_projekt-1280-005-215x215.jpg\" class=\"attachment-thumbnail size-thumbnail\" alt=\"\" \/><\/a>\n\t\t\t<\/div><\/figure><figure class='gallery-item'>\n\t\t\t<div class='gallery-icon landscape'>\n\t\t\t\t<a href='https:\/\/www.ess-rv.de\/wp-content\/uploads\/2025\/01\/1980-01-01-ewt_projekt-1280-004.jpg'><img loading=\"lazy\" decoding=\"async\" width=\"215\" height=\"215\" src=\"https:\/\/www.ess-rv.de\/wp-content\/uploads\/2025\/01\/1980-01-01-ewt_projekt-1280-004-215x215.jpg\" class=\"attachment-thumbnail size-thumbnail\" alt=\"\" \/><\/a>\n\t\t\t<\/div><\/figure><figure class='gallery-item'>\n\t\t\t<div class='gallery-icon landscape'>\n\t\t\t\t<a href='https:\/\/www.ess-rv.de\/wp-content\/uploads\/2025\/01\/1980-01-01-ewt_projekt-1280-009.jpg'><img loading=\"lazy\" decoding=\"async\" width=\"215\" height=\"215\" src=\"https:\/\/www.ess-rv.de\/wp-content\/uploads\/2025\/01\/1980-01-01-ewt_projekt-1280-009-215x215.jpg\" class=\"attachment-thumbnail size-thumbnail\" alt=\"\" \/><\/a>\n\t\t\t<\/div><\/figure><figure class='gallery-item'>\n\t\t\t<div class='gallery-icon landscape'>\n\t\t\t\t<a href='https:\/\/www.ess-rv.de\/wp-content\/uploads\/2025\/01\/1980-01-01-ewt_projekt-1280-003.jpg'><img loading=\"lazy\" decoding=\"async\" width=\"215\" height=\"215\" src=\"https:\/\/www.ess-rv.de\/wp-content\/uploads\/2025\/01\/1980-01-01-ewt_projekt-1280-003-215x215.jpg\" class=\"attachment-thumbnail size-thumbnail\" alt=\"\" \/><\/a>\n\t\t\t<\/div><\/figure><figure class='gallery-item'>\n\t\t\t<div class='gallery-icon landscape'>\n\t\t\t\t<a href='https:\/\/www.ess-rv.de\/wp-content\/uploads\/2025\/01\/1980-01-01-ewt_projekt-1280-002.jpg'><img loading=\"lazy\" decoding=\"async\" width=\"215\" height=\"215\" src=\"https:\/\/www.ess-rv.de\/wp-content\/uploads\/2025\/01\/1980-01-01-ewt_projekt-1280-002-215x215.jpg\" class=\"attachment-thumbnail size-thumbnail\" alt=\"\" \/><\/a>\n\t\t\t<\/div><\/figure><figure class='gallery-item'>\n\t\t\t<div class='gallery-icon landscape'>\n\t\t\t\t<a href='https:\/\/www.ess-rv.de\/wp-content\/uploads\/2025\/01\/1980-01-01-ewt_projekt-1280-006.jpg'><img loading=\"lazy\" decoding=\"async\" width=\"215\" height=\"215\" src=\"https:\/\/www.ess-rv.de\/wp-content\/uploads\/2025\/01\/1980-01-01-ewt_projekt-1280-006-215x215.jpg\" class=\"attachment-thumbnail size-thumbnail\" alt=\"\" \/><\/a>\n\t\t\t<\/div><\/figure>\n\t\t<\/div>\n\n<p>Mit gro\u00dfem Erfolg nahmen am Eine-Welt-Tag 25 klassen\u00fcbergreifende Teilnehmerinnen und Teilnehmer am k\u00fcnstlerischen Workshop \u201eMalen und Zeichnen zur Livemusik\u201d teil. Sch\u00fclerinnen und Sch\u00fcler der Beruflichen Gymnasien, des Berufskollegs f\u00fcr Gesundheit und Pflege, der Berufsfachschule Bereich Ern\u00e4hrung und Gesundheit, Profil Gesundheit und Pflege, der Berufsfachschule f\u00fcr sozialp\u00e4dagogische Assistenz sowie der Berufsfachschule Ausbildungsvorbereitung lie\u00dfen sich durch Livemusik des Kunstp\u00e4dagogen mit der Violine kreativ anregen.<!--more--><\/p>\n<p>Ausgehend von Bewegungen des ganzen K\u00f6rpers zur Musik entstanden Malereien und Zeichnungen sowohl im abstrakten als auch im realistischen Stil. Lieder u. a. von ABBA, Sarah Connor, Udo Lindenberg, Maroon 5 und Shakira wirkten als Inspirationsquelle f\u00fcr die entstandenen Bilder. Gef\u00fchle zur Musik wurden dabei direkt in die bildk\u00fcnstlerische Sprache \u00fcbertragen. Der Workshop zielte insbesondere auf eine ganzheitliche Verbindung zwischen Kunst und Musik.<\/p>\n<p>Workshop-Betreuung: Dr. Stefan Spengler, Simone Elbs<\/p>\n","protected":false},"excerpt":{"rendered":"<p>Malen und Zeichnen zur Livemusik Mit gro\u00dfem Erfolg nahmen am Eine-Welt-Tag 25 klassen\u00fcbergreifende Teilnehmerinnen und Teilnehmer am k\u00fcnstlerischen Workshop \u201eMalen und Zeichnen zur Livemusik\u201d teil. Sch\u00fclerinnen und Sch\u00fcler der Beruflichen Gymnasien, des Berufskollegs f\u00fcr Gesundheit und Pflege, der Berufsfachschule Bereich Ern\u00e4hrung und Gesundheit, Profil Gesundheit und Pflege, der Berufsfachschule f\u00fcr sozialp\u00e4dagogische Assistenz sowie der Berufsfachschule &hellip; <a href=\"https:\/\/www.ess-rv.de\/?p=9160\" class=\"more-link\"><span class=\"screen-reader-text\">Projekte am Eine-Welt-Tag<\/span> weiterlesen <span class=\"meta-nav\">&rarr;<\/span><\/a><\/p>\n","protected":false},"author":3,"featured_media":0,"comment_status":"closed","ping_status":"closed","sticky":false,"template":"","format":"standard","meta":{"footnotes":"","_links_to":"","_links_to_target":""},"categories":[232,422,472,18,457,29,30,7,487,2,200,201,104,202,106,402,203,198,33],"tags":[492,148,157,77,54,105,107,452,67,49],"class_list":["post-9160","post","type-post","status-publish","format-standard","hentry","category-1bkp","category-2bfp","category-2bfsa","category-ausserschulische-veranstaltung","category-avdual","category-berufliche-gymnasien","category-berufsfachschule","category-berufskolleg","category-bfaid","category-bildungsangebot","category-btg","category-eg","category-eine-welt-tag","category-gg","category-kunst","category-projekttag","category-sg","category-standort-ravensburg","category-veranstaltung","tag-2024-2025","tag-berufliche-gymnasien","tag-berufsfachschule","tag-berufskolleg","tag-berufsschule","tag-eine-welt-tag","tag-kunst","tag-musik","tag-projekt","tag-ravensburg"],"_links":{"self":[{"href":"https:\/\/www.ess-rv.de\/index.php?rest_route=\/wp\/v2\/posts\/9160","targetHints":{"allow":["GET"]}}],"collection":[{"href":"https:\/\/www.ess-rv.de\/index.php?rest_route=\/wp\/v2\/posts"}],"about":[{"href":"https:\/\/www.ess-rv.de\/index.php?rest_route=\/wp\/v2\/types\/post"}],"author":[{"embeddable":true,"href":"https:\/\/www.ess-rv.de\/index.php?rest_route=\/wp\/v2\/users\/3"}],"replies":[{"embeddable":true,"href":"https:\/\/www.ess-rv.de\/index.php?rest_route=%2Fwp%2Fv2%2Fcomments&post=9160"}],"version-history":[{"count":2,"href":"https:\/\/www.ess-rv.de\/index.php?rest_route=\/wp\/v2\/posts\/9160\/revisions"}],"predecessor-version":[{"id":9171,"href":"https:\/\/www.ess-rv.de\/index.php?rest_route=\/wp\/v2\/posts\/9160\/revisions\/9171"}],"wp:attachment":[{"href":"https:\/\/www.ess-rv.de\/index.php?rest_route=%2Fwp%2Fv2%2Fmedia&parent=9160"}],"wp:term":[{"taxonomy":"category","embeddable":true,"href":"https:\/\/www.ess-rv.de\/index.php?rest_route=%2Fwp%2Fv2%2Fcategories&post=9160"},{"taxonomy":"post_tag","embeddable":true,"href":"https:\/\/www.ess-rv.de\/index.php?rest_route=%2Fwp%2Fv2%2Ftags&post=9160"}],"curies":[{"name":"wp","href":"https:\/\/api.w.org\/{rel}","templated":true}]}}