{"id":9294,"date":"2025-01-30T05:02:14","date_gmt":"2025-01-30T04:02:14","guid":{"rendered":"https:\/\/www.ess-rv.de\/?p=9294"},"modified":"2025-02-06T20:02:17","modified_gmt":"2025-02-06T19:02:17","slug":"exkursion-der-sportkurse-2","status":"publish","type":"post","link":"https:\/\/www.ess-rv.de\/?p=9294","title":{"rendered":"Basketball Eurocup in Ulm"},"content":{"rendered":"<p><div id='gallery-1' class='gallery galleryid-9294 gallery-columns-3 gallery-size-thumbnail'><figure class='gallery-item'>\n\t\t\t<div class='gallery-icon landscape'>\n\t\t\t\t<a href='https:\/\/www.ess-rv.de\/wp-content\/uploads\/2025\/01\/2025-01-28-basketball-1280-003.jpg'><img loading=\"lazy\" decoding=\"async\" width=\"215\" height=\"215\" src=\"https:\/\/www.ess-rv.de\/wp-content\/uploads\/2025\/01\/2025-01-28-basketball-1280-003-215x215.jpg\" class=\"attachment-thumbnail size-thumbnail\" alt=\"\" \/><\/a>\n\t\t\t<\/div><\/figure><figure class='gallery-item'>\n\t\t\t<div class='gallery-icon landscape'>\n\t\t\t\t<a href='https:\/\/www.ess-rv.de\/wp-content\/uploads\/2025\/01\/2025-01-28-basketball-1280-002.jpg'><img loading=\"lazy\" decoding=\"async\" width=\"215\" height=\"215\" src=\"https:\/\/www.ess-rv.de\/wp-content\/uploads\/2025\/01\/2025-01-28-basketball-1280-002-215x215.jpg\" class=\"attachment-thumbnail size-thumbnail\" alt=\"\" \/><\/a>\n\t\t\t<\/div><\/figure><figure class='gallery-item'>\n\t\t\t<div class='gallery-icon portrait'>\n\t\t\t\t<a href='https:\/\/www.ess-rv.de\/wp-content\/uploads\/2025\/01\/2025-01-28-basketball-1280-001.jpg'><img loading=\"lazy\" decoding=\"async\" width=\"215\" height=\"215\" src=\"https:\/\/www.ess-rv.de\/wp-content\/uploads\/2025\/01\/2025-01-28-basketball-1280-001-215x215.jpg\" class=\"attachment-thumbnail size-thumbnail\" alt=\"\" \/><\/a>\n\t\t\t<\/div><\/figure>\n\t\t<\/div>\n<\/p>\n<p>Ein Sportkurs der Jahrgangsstufe 2 besuchte am Mittwoch, 22. Januar, das Eurocup-Spiel Ratiopharm Ulm gegen Buducnost Voli Podgorica (Montenegro) in Ulm. Ein unvergessliches Erlebnis f\u00fcr alle Sch\u00fcler in der gro\u00dfartigen Ratiopharm-Arena vor \u00fcber 5000 Zuschauern. Leider verloren die Ulmer Basketballer in einem dramatischen Spiel nach langer Aufholjagd letztendlich mit 82:85 Punkten gegen die montenegrinische Mannschaft und fielen damit in der Gruppentabelle auf Platz 5 zur\u00fcck, einen Platz vor Podgorica. <\/p>\n","protected":false},"excerpt":{"rendered":"<p>Ein Sportkurs der Jahrgangsstufe 2 besuchte am Mittwoch, 22. Januar, das Eurocup-Spiel Ratiopharm Ulm gegen Buducnost Voli Podgorica (Montenegro) in Ulm. Ein unvergessliches Erlebnis f\u00fcr alle Sch\u00fcler in der gro\u00dfartigen Ratiopharm-Arena vor \u00fcber 5000 Zuschauern. Leider verloren die Ulmer Basketballer in einem dramatischen Spiel nach langer Aufholjagd letztendlich mit 82:85 Punkten gegen die montenegrinische Mannschaft &hellip; <a href=\"https:\/\/www.ess-rv.de\/?p=9294\" class=\"more-link\"><span class=\"screen-reader-text\">Basketball Eurocup in Ulm<\/span> weiterlesen <span class=\"meta-nav\">&rarr;<\/span><\/a><\/p>\n","protected":false},"author":3,"featured_media":0,"comment_status":"closed","ping_status":"closed","sticky":false,"template":"","format":"standard","meta":{"footnotes":"","_links_to":"","_links_to_target":""},"categories":[18,29,2,200,201,190,202,203,19,198,33,53],"tags":[492,416,148,254,49,217],"class_list":["post-9294","post","type-post","status-publish","format-standard","hentry","category-ausserschulische-veranstaltung","category-berufliche-gymnasien","category-bildungsangebot","category-btg","category-eg","category-exkursion","category-gg","category-sg","category-sport","category-standort-ravensburg","category-veranstaltung","category-wettbewerb","tag-2024-2025","tag-aus-dem-unterricht","tag-berufliche-gymnasien","tag-exkursion","tag-ravensburg","tag-sport"],"_links":{"self":[{"href":"https:\/\/www.ess-rv.de\/index.php?rest_route=\/wp\/v2\/posts\/9294","targetHints":{"allow":["GET"]}}],"collection":[{"href":"https:\/\/www.ess-rv.de\/index.php?rest_route=\/wp\/v2\/posts"}],"about":[{"href":"https:\/\/www.ess-rv.de\/index.php?rest_route=\/wp\/v2\/types\/post"}],"author":[{"embeddable":true,"href":"https:\/\/www.ess-rv.de\/index.php?rest_route=\/wp\/v2\/users\/3"}],"replies":[{"embeddable":true,"href":"https:\/\/www.ess-rv.de\/index.php?rest_route=%2Fwp%2Fv2%2Fcomments&post=9294"}],"version-history":[{"count":4,"href":"https:\/\/www.ess-rv.de\/index.php?rest_route=\/wp\/v2\/posts\/9294\/revisions"}],"predecessor-version":[{"id":9320,"href":"https:\/\/www.ess-rv.de\/index.php?rest_route=\/wp\/v2\/posts\/9294\/revisions\/9320"}],"wp:attachment":[{"href":"https:\/\/www.ess-rv.de\/index.php?rest_route=%2Fwp%2Fv2%2Fmedia&parent=9294"}],"wp:term":[{"taxonomy":"category","embeddable":true,"href":"https:\/\/www.ess-rv.de\/index.php?rest_route=%2Fwp%2Fv2%2Fcategories&post=9294"},{"taxonomy":"post_tag","embeddable":true,"href":"https:\/\/www.ess-rv.de\/index.php?rest_route=%2Fwp%2Fv2%2Ftags&post=9294"}],"curies":[{"name":"wp","href":"https:\/\/api.w.org\/{rel}","templated":true}]}}