{"id":9305,"date":"2025-02-06T17:15:30","date_gmt":"2025-02-06T16:15:30","guid":{"rendered":"https:\/\/www.ess-rv.de\/?p=9305"},"modified":"2025-02-06T19:57:18","modified_gmt":"2025-02-06T18:57:18","slug":"aus-dem-unterricht-2","status":"publish","type":"post","link":"https:\/\/www.ess-rv.de\/?p=9305","title":{"rendered":"Tag der deutsch-franz\u00f6sischen Freundschaft"},"content":{"rendered":"\n<p><a href=\"https:\/\/www.ess-rv.de\/wp-content\/uploads\/2025\/02\/41130948-a670-466a-8a89-f8745ef6acdd.jpeg\"><img loading=\"lazy\" decoding=\"async\" src=\"https:\/\/www.ess-rv.de\/wp-content\/uploads\/2025\/02\/41130948-a670-466a-8a89-f8745ef6acdd-300x169.jpeg\" alt=\"\" width=\"300\" height=\"169\" class=\"alignright size-medium wp-image-9307\" srcset=\"https:\/\/www.ess-rv.de\/wp-content\/uploads\/2025\/02\/41130948-a670-466a-8a89-f8745ef6acdd-300x169.jpeg 300w, https:\/\/www.ess-rv.de\/wp-content\/uploads\/2025\/02\/41130948-a670-466a-8a89-f8745ef6acdd-1024x576.jpeg 1024w, https:\/\/www.ess-rv.de\/wp-content\/uploads\/2025\/02\/41130948-a670-466a-8a89-f8745ef6acdd-768x432.jpeg 768w, https:\/\/www.ess-rv.de\/wp-content\/uploads\/2025\/02\/41130948-a670-466a-8a89-f8745ef6acdd-1536x864.jpeg 1536w, https:\/\/www.ess-rv.de\/wp-content\/uploads\/2025\/02\/41130948-a670-466a-8a89-f8745ef6acdd.jpeg 1600w\" sizes=\"auto, (max-width: 300px) 100vw, 300px\" \/><\/a>Am 22. Januar veranstalteten Sch\u00fclerinnen und Sch\u00fcler der Eingangsklassen der Franz\u00f6sisch-Kurse der Edith-Stein-Schule und der Humpis-Schule den Tag der deutsch-franz\u00f6sischen Freundschaft. Die Sch\u00fcler machten Cr\u00eapes und informierten mit Plakaten und Bildern zum \u00c9lys\u00e9e-Vertrag vor 62 Jahren, franz\u00f6sischer Rap erklang im Hintergrund. Es war ein voller Erfolg! Abends informierten wir dann interessierte Sch\u00fcler und Eltern zum Fach Franz\u00f6sisch im F- und N-Niveau. Merci \u00e0 tout le monde!<\/p>\n","protected":false},"excerpt":{"rendered":"<p>Am 22. Januar veranstalteten Sch\u00fclerinnen und Sch\u00fcler der Eingangsklassen der Franz\u00f6sisch-Kurse der Edith-Stein-Schule und der Humpis-Schule den Tag der deutsch-franz\u00f6sischen Freundschaft. Die Sch\u00fcler machten Cr\u00eapes und informierten mit Plakaten und Bildern zum \u00c9lys\u00e9e-Vertrag vor 62 Jahren, franz\u00f6sischer Rap erklang im Hintergrund. Es war ein voller Erfolg! Abends informierten wir dann interessierte Sch\u00fcler und Eltern zum &hellip; <a href=\"https:\/\/www.ess-rv.de\/?p=9305\" class=\"more-link\"><span class=\"screen-reader-text\">Tag der deutsch-franz\u00f6sischen Freundschaft<\/span> weiterlesen <span class=\"meta-nav\">&rarr;<\/span><\/a><\/p>\n","protected":false},"author":3,"featured_media":0,"comment_status":"closed","ping_status":"closed","sticky":false,"template":"","format":"standard","meta":{"footnotes":"","_links_to":"","_links_to_target":""},"categories":[18,194,29,2,200,201,202,203,198],"tags":[416,101,148,501,49],"class_list":["post-9305","post","type-post","status-publish","format-standard","hentry","category-ausserschulische-veranstaltung","category-ausstellung","category-berufliche-gymnasien","category-bildungsangebot","category-btg","category-eg","category-gg","category-sg","category-standort-ravensburg","tag-aus-dem-unterricht","tag-austausch","tag-berufliche-gymnasien","tag-franzoesisch","tag-ravensburg"],"_links":{"self":[{"href":"https:\/\/www.ess-rv.de\/index.php?rest_route=\/wp\/v2\/posts\/9305","targetHints":{"allow":["GET"]}}],"collection":[{"href":"https:\/\/www.ess-rv.de\/index.php?rest_route=\/wp\/v2\/posts"}],"about":[{"href":"https:\/\/www.ess-rv.de\/index.php?rest_route=\/wp\/v2\/types\/post"}],"author":[{"embeddable":true,"href":"https:\/\/www.ess-rv.de\/index.php?rest_route=\/wp\/v2\/users\/3"}],"replies":[{"embeddable":true,"href":"https:\/\/www.ess-rv.de\/index.php?rest_route=%2Fwp%2Fv2%2Fcomments&post=9305"}],"version-history":[{"count":8,"href":"https:\/\/www.ess-rv.de\/index.php?rest_route=\/wp\/v2\/posts\/9305\/revisions"}],"predecessor-version":[{"id":9315,"href":"https:\/\/www.ess-rv.de\/index.php?rest_route=\/wp\/v2\/posts\/9305\/revisions\/9315"}],"wp:attachment":[{"href":"https:\/\/www.ess-rv.de\/index.php?rest_route=%2Fwp%2Fv2%2Fmedia&parent=9305"}],"wp:term":[{"taxonomy":"category","embeddable":true,"href":"https:\/\/www.ess-rv.de\/index.php?rest_route=%2Fwp%2Fv2%2Fcategories&post=9305"},{"taxonomy":"post_tag","embeddable":true,"href":"https:\/\/www.ess-rv.de\/index.php?rest_route=%2Fwp%2Fv2%2Ftags&post=9305"}],"curies":[{"name":"wp","href":"https:\/\/api.w.org\/{rel}","templated":true}]}}