{"id":9326,"date":"2025-02-20T09:37:14","date_gmt":"2025-02-20T08:37:14","guid":{"rendered":"https:\/\/www.ess-rv.de\/?p=9326"},"modified":"2025-03-04T12:48:15","modified_gmt":"2025-03-04T11:48:15","slug":"schueler-erhalten-einblick-in-die-konrad-knoblauch-gmbh","status":"publish","type":"post","link":"https:\/\/www.ess-rv.de\/?p=9326","title":{"rendered":"Sch\u00fcler erhalten Einblick in die Konrad Knoblauch GmbH"},"content":{"rendered":"\n<p><div id='gallery-1' class='gallery galleryid-9326 gallery-columns-3 gallery-size-thumbnail'><figure class='gallery-item'>\n\t\t\t<div class='gallery-icon portrait'>\n\t\t\t\t<a href='https:\/\/www.ess-rv.de\/wp-content\/uploads\/2025\/02\/2025-02-20-av1-exkursion-1280-003.jpg'><img loading=\"lazy\" decoding=\"async\" width=\"215\" height=\"215\" src=\"https:\/\/www.ess-rv.de\/wp-content\/uploads\/2025\/02\/2025-02-20-av1-exkursion-1280-003-215x215.jpg\" class=\"attachment-thumbnail size-thumbnail\" alt=\"\" \/><\/a>\n\t\t\t<\/div><\/figure><figure class='gallery-item'>\n\t\t\t<div class='gallery-icon landscape'>\n\t\t\t\t<a href='https:\/\/www.ess-rv.de\/wp-content\/uploads\/2025\/02\/2025-02-20-av1-exkursion-1280-001.jpg'><img loading=\"lazy\" decoding=\"async\" width=\"215\" height=\"215\" src=\"https:\/\/www.ess-rv.de\/wp-content\/uploads\/2025\/02\/2025-02-20-av1-exkursion-1280-001-215x215.jpg\" class=\"attachment-thumbnail size-thumbnail\" alt=\"\" \/><\/a>\n\t\t\t<\/div><\/figure><figure class='gallery-item'>\n\t\t\t<div class='gallery-icon landscape'>\n\t\t\t\t<a href='https:\/\/www.ess-rv.de\/wp-content\/uploads\/2025\/02\/2025-02-20-av1-exkursion-1280-002.jpg'><img loading=\"lazy\" decoding=\"async\" width=\"215\" height=\"215\" src=\"https:\/\/www.ess-rv.de\/wp-content\/uploads\/2025\/02\/2025-02-20-av1-exkursion-1280-002-215x215.jpg\" class=\"attachment-thumbnail size-thumbnail\" alt=\"\" \/><\/a>\n\t\t\t<\/div><\/figure>\n\t\t<\/div>\nDie Firma f\u00fcr Ladenbau und Inneneinrichtung steht f\u00fcr gutes Design, innovative Ideen und eine positive Unternehmenskultur. In der kurzweiligen Pr\u00e4sentation berichteten u.a. drei Azubis \u00fcber den Alltag ihres Ausbildungsberufes. Einige der Sch\u00fclerinnen und Sch\u00fcler waren sogar so begeistert, dass sie sich dort um das dritte Betriebspraktikum bewerben m\u00f6chten.<\/p>\n","protected":false},"excerpt":{"rendered":"<p>Die Firma f\u00fcr Ladenbau und Inneneinrichtung steht f\u00fcr gutes Design, innovative Ideen und eine positive Unternehmenskultur. In der kurzweiligen Pr\u00e4sentation berichteten u.a. drei Azubis \u00fcber den Alltag ihres Ausbildungsberufes. Einige der Sch\u00fclerinnen und Sch\u00fcler waren sogar so begeistert, dass sie sich dort um das dritte Betriebspraktikum bewerben m\u00f6chten.<\/p>\n","protected":false},"author":3,"featured_media":0,"comment_status":"closed","ping_status":"closed","sticky":false,"template":"","format":"standard","meta":{"footnotes":"","_links_to":"","_links_to_target":""},"categories":[18,457,2,190,298,198],"tags":[492,458,157,254,49],"class_list":["post-9326","post","type-post","status-publish","format-standard","hentry","category-ausserschulische-veranstaltung","category-avdual","category-bildungsangebot","category-exkursion","category-praktikum","category-standort-ravensburg","tag-2024-2025","tag-avdual","tag-berufsfachschule","tag-exkursion","tag-ravensburg"],"_links":{"self":[{"href":"https:\/\/www.ess-rv.de\/index.php?rest_route=\/wp\/v2\/posts\/9326","targetHints":{"allow":["GET"]}}],"collection":[{"href":"https:\/\/www.ess-rv.de\/index.php?rest_route=\/wp\/v2\/posts"}],"about":[{"href":"https:\/\/www.ess-rv.de\/index.php?rest_route=\/wp\/v2\/types\/post"}],"author":[{"embeddable":true,"href":"https:\/\/www.ess-rv.de\/index.php?rest_route=\/wp\/v2\/users\/3"}],"replies":[{"embeddable":true,"href":"https:\/\/www.ess-rv.de\/index.php?rest_route=%2Fwp%2Fv2%2Fcomments&post=9326"}],"version-history":[{"count":3,"href":"https:\/\/www.ess-rv.de\/index.php?rest_route=\/wp\/v2\/posts\/9326\/revisions"}],"predecessor-version":[{"id":9356,"href":"https:\/\/www.ess-rv.de\/index.php?rest_route=\/wp\/v2\/posts\/9326\/revisions\/9356"}],"wp:attachment":[{"href":"https:\/\/www.ess-rv.de\/index.php?rest_route=%2Fwp%2Fv2%2Fmedia&parent=9326"}],"wp:term":[{"taxonomy":"category","embeddable":true,"href":"https:\/\/www.ess-rv.de\/index.php?rest_route=%2Fwp%2Fv2%2Fcategories&post=9326"},{"taxonomy":"post_tag","embeddable":true,"href":"https:\/\/www.ess-rv.de\/index.php?rest_route=%2Fwp%2Fv2%2Ftags&post=9326"}],"curies":[{"name":"wp","href":"https:\/\/api.w.org\/{rel}","templated":true}]}}