{"id":9332,"date":"2025-02-20T13:05:31","date_gmt":"2025-02-20T12:05:31","guid":{"rendered":"https:\/\/www.ess-rv.de\/?p=9332"},"modified":"2025-02-20T16:48:28","modified_gmt":"2025-02-20T15:48:28","slug":"praesentation-der-fremdsprache-italienisch","status":"publish","type":"post","link":"https:\/\/www.ess-rv.de\/?p=9332","title":{"rendered":"Pr\u00e4sentation der Fremdsprache Italienisch"},"content":{"rendered":"<p> In den Klassen unserer beruflichen Gymnasien k\u00f6nnen Sch\u00fclerinnen und Sch\u00fcler u. a. Italienisch als Fremdsprache w\u00e4hlen. Italienisch ist f\u00fcr die Sch\u00fclerinnen und Sch\u00fcler aus ganz unterschiedlichen Gr\u00fcnden attraktiv. Aber schauen Sie selbst&#8230;<\/p>\n<p><iframe loading=\"lazy\" title=\"Pr\u00e4sentation des Fachs Italienisch 2024\" width=\"604\" height=\"340\" src=\"https:\/\/www.youtube.com\/embed\/EdXmOpPF6ok?feature=oembed\" frameborder=\"0\" allow=\"accelerometer; autoplay; clipboard-write; encrypted-media; gyroscope; picture-in-picture; web-share\" referrerpolicy=\"strict-origin-when-cross-origin\" allowfullscreen><\/iframe><\/p>\n","protected":false},"excerpt":{"rendered":"<p>In den Klassen unserer beruflichen Gymnasien k\u00f6nnen Sch\u00fclerinnen und Sch\u00fcler u. a. Italienisch als Fremdsprache w\u00e4hlen. Italienisch ist f\u00fcr die Sch\u00fclerinnen und Sch\u00fcler aus ganz unterschiedlichen Gr\u00fcnden attraktiv. Aber schauen Sie selbst&#8230;<\/p>\n","protected":false},"author":3,"featured_media":0,"comment_status":"closed","ping_status":"closed","sticky":false,"template":"","format":"standard","meta":{"footnotes":"","_links_to":"","_links_to_target":""},"categories":[29,2,200,201,202,203,198],"tags":[492,416,148,491],"class_list":["post-9332","post","type-post","status-publish","format-standard","hentry","category-berufliche-gymnasien","category-bildungsangebot","category-btg","category-eg","category-gg","category-sg","category-standort-ravensburg","tag-2024-2025","tag-aus-dem-unterricht","tag-berufliche-gymnasien","tag-fremdsprachen"],"_links":{"self":[{"href":"https:\/\/www.ess-rv.de\/index.php?rest_route=\/wp\/v2\/posts\/9332","targetHints":{"allow":["GET"]}}],"collection":[{"href":"https:\/\/www.ess-rv.de\/index.php?rest_route=\/wp\/v2\/posts"}],"about":[{"href":"https:\/\/www.ess-rv.de\/index.php?rest_route=\/wp\/v2\/types\/post"}],"author":[{"embeddable":true,"href":"https:\/\/www.ess-rv.de\/index.php?rest_route=\/wp\/v2\/users\/3"}],"replies":[{"embeddable":true,"href":"https:\/\/www.ess-rv.de\/index.php?rest_route=%2Fwp%2Fv2%2Fcomments&post=9332"}],"version-history":[{"count":6,"href":"https:\/\/www.ess-rv.de\/index.php?rest_route=\/wp\/v2\/posts\/9332\/revisions"}],"predecessor-version":[{"id":9338,"href":"https:\/\/www.ess-rv.de\/index.php?rest_route=\/wp\/v2\/posts\/9332\/revisions\/9338"}],"wp:attachment":[{"href":"https:\/\/www.ess-rv.de\/index.php?rest_route=%2Fwp%2Fv2%2Fmedia&parent=9332"}],"wp:term":[{"taxonomy":"category","embeddable":true,"href":"https:\/\/www.ess-rv.de\/index.php?rest_route=%2Fwp%2Fv2%2Fcategories&post=9332"},{"taxonomy":"post_tag","embeddable":true,"href":"https:\/\/www.ess-rv.de\/index.php?rest_route=%2Fwp%2Fv2%2Ftags&post=9332"}],"curies":[{"name":"wp","href":"https:\/\/api.w.org\/{rel}","templated":true}]}}