{"id":9383,"date":"2025-03-20T08:26:48","date_gmt":"2025-03-20T07:26:48","guid":{"rendered":"https:\/\/www.ess-rv.de\/?p=9383"},"modified":"2025-05-23T07:53:06","modified_gmt":"2025-05-23T05:53:06","slug":"eintauchen-in-die-welt-der-gentechnik-schuluebergreifendes-projekt-an-der-ess-begeistert","status":"publish","type":"post","link":"https:\/\/www.ess-rv.de\/?p=9383","title":{"rendered":"Eintauchen in die Welt der Gentechnik &#8211; Schul\u00fcbergreifendes Projekt begeistert"},"content":{"rendered":"<p><a href=\"https:\/\/www.ess-rv.de\/wp-content\/uploads\/2025\/03\/2025-03-04-biotechprojektkloesterle-1280-004.jpg\"><img loading=\"lazy\" decoding=\"async\" src=\"https:\/\/www.ess-rv.de\/wp-content\/uploads\/2025\/03\/2025-03-04-biotechprojektkloesterle-1280-004-300x210.jpg\" alt=\"\" width=\"300\" height=\"210\" class=\"alignright size-medium wp-image-9390\" srcset=\"https:\/\/www.ess-rv.de\/wp-content\/uploads\/2025\/03\/2025-03-04-biotechprojektkloesterle-1280-004-300x210.jpg 300w, https:\/\/www.ess-rv.de\/wp-content\/uploads\/2025\/03\/2025-03-04-biotechprojektkloesterle-1280-004-1024x718.jpg 1024w, https:\/\/www.ess-rv.de\/wp-content\/uploads\/2025\/03\/2025-03-04-biotechprojektkloesterle-1280-004-768x538.jpg 768w, https:\/\/www.ess-rv.de\/wp-content\/uploads\/2025\/03\/2025-03-04-biotechprojektkloesterle-1280-004-1536x1077.jpg 1536w, https:\/\/www.ess-rv.de\/wp-content\/uploads\/2025\/03\/2025-03-04-biotechprojektkloesterle-1280-004.jpg 1712w\" sizes=\"auto, (max-width: 300px) 100vw, 300px\" \/><\/a>Sch\u00fclerinnen der Theresia-Gerhardinger-Realschule (Kl\u00f6sterle) tauchen im Rahmen eines Biotechnologie-Laborprojekts in die Welt der Gentechnik ein. An einem Vormittag zu Besuch an der Edith-Stein-Schule, f\u00fchren die Sch\u00fclerinnen und Sch\u00fcler der 11. Klassen des Biotechnologischen Gymnasiums mit den Realsch\u00fclerinnen ein spannendes Experiment durch. <!--more--><\/p>\n<p>Unter Anleitung von Fachlehrerin Brigitte Sch\u00fcrmann ver\u00e4ndern die Sch\u00fclerinnen Bakterienzellen (E. coli) mit dem GFP-Gen aus einer Tiefseequalle, sodass diese unter UV-Licht gr\u00fcn leuchten. Theoretisches Wissen anwenden und vertiefen, das erleben die Realsch\u00fclerinnen ganz konkret mit Hilfe dieses Experiments. Die Sch\u00fclerinnen und Sch\u00fcler der Edith-Stein-Schule schl\u00fcpfen bei diesem Projekt in die Rolle von Expertinnen und Experten, indem sie bei der Durchf\u00fchrung des Versuchs unterst\u00fctzen. <\/p>\n<p>Diese Kooperation f\u00f6rdert das Interesse an Naturwissenschaften, setzt ein Zeichen f\u00fcr praxisnahe Bildung und erleichtert den Realsch\u00fclerinnen, die von einer \u201eMINT-freundlichen Schule\u201c kommen, den \u00dcbergang ans berufliche Gymnasium. Die sp\u00fcrbare Begeisterung und das gelungene voneinander Lernen machen das Projekt zu einem vollen Erfolg.<div id='gallery-1' class='gallery galleryid-9383 gallery-columns-3 gallery-size-thumbnail'><figure class='gallery-item'>\n\t\t\t<div class='gallery-icon portrait'>\n\t\t\t\t<a href='https:\/\/www.ess-rv.de\/wp-content\/uploads\/2025\/03\/2025-03-20-biotechprojektkloesterle-1280-003.jpg'><img loading=\"lazy\" decoding=\"async\" width=\"215\" height=\"215\" src=\"https:\/\/www.ess-rv.de\/wp-content\/uploads\/2025\/03\/2025-03-20-biotechprojektkloesterle-1280-003-215x215.jpg\" class=\"attachment-thumbnail size-thumbnail\" alt=\"\" \/><\/a>\n\t\t\t<\/div><\/figure><figure class='gallery-item'>\n\t\t\t<div class='gallery-icon portrait'>\n\t\t\t\t<a href='https:\/\/www.ess-rv.de\/wp-content\/uploads\/2025\/03\/2025-03-20-biotechprojektkloesterle-1280-002.jpg'><img loading=\"lazy\" decoding=\"async\" width=\"215\" height=\"215\" src=\"https:\/\/www.ess-rv.de\/wp-content\/uploads\/2025\/03\/2025-03-20-biotechprojektkloesterle-1280-002-215x215.jpg\" class=\"attachment-thumbnail size-thumbnail\" alt=\"\" \/><\/a>\n\t\t\t<\/div><\/figure><figure class='gallery-item'>\n\t\t\t<div class='gallery-icon portrait'>\n\t\t\t\t<a href='https:\/\/www.ess-rv.de\/wp-content\/uploads\/2025\/03\/2025-03-04-biotechprojektkloesterle-1280-001.jpg'><img loading=\"lazy\" decoding=\"async\" width=\"215\" height=\"215\" src=\"https:\/\/www.ess-rv.de\/wp-content\/uploads\/2025\/03\/2025-03-04-biotechprojektkloesterle-1280-001-215x215.jpg\" class=\"attachment-thumbnail size-thumbnail\" alt=\"\" \/><\/a>\n\t\t\t<\/div><\/figure>\n\t\t<\/div>\n<\/p>\n","protected":false},"excerpt":{"rendered":"<p>Sch\u00fclerinnen der Theresia-Gerhardinger-Realschule (Kl\u00f6sterle) tauchen im Rahmen eines Biotechnologie-Laborprojekts in die Welt der Gentechnik ein. An einem Vormittag zu Besuch an der Edith-Stein-Schule, f\u00fchren die Sch\u00fclerinnen und Sch\u00fcler der 11. Klassen des Biotechnologischen Gymnasiums mit den Realsch\u00fclerinnen ein spannendes Experiment durch.<\/p>\n","protected":false},"author":3,"featured_media":0,"comment_status":"closed","ping_status":"closed","sticky":false,"template":"","format":"standard","meta":{"footnotes":"","_links_to":"","_links_to_target":""},"categories":[18,29,2,200,24,198,33,186],"tags":[492,148,333,52,270,67,49],"class_list":["post-9383","post","type-post","status-publish","format-standard","hentry","category-ausserschulische-veranstaltung","category-berufliche-gymnasien","category-bildungsangebot","category-btg","category-jugend-forscht","category-standort-ravensburg","category-veranstaltung","category-vortrag","tag-2024-2025","tag-berufliche-gymnasien","tag-jugend-forscht","tag-kooperation","tag-naturwissenschaft","tag-projekt","tag-ravensburg"],"_links":{"self":[{"href":"https:\/\/www.ess-rv.de\/index.php?rest_route=\/wp\/v2\/posts\/9383","targetHints":{"allow":["GET"]}}],"collection":[{"href":"https:\/\/www.ess-rv.de\/index.php?rest_route=\/wp\/v2\/posts"}],"about":[{"href":"https:\/\/www.ess-rv.de\/index.php?rest_route=\/wp\/v2\/types\/post"}],"author":[{"embeddable":true,"href":"https:\/\/www.ess-rv.de\/index.php?rest_route=\/wp\/v2\/users\/3"}],"replies":[{"embeddable":true,"href":"https:\/\/www.ess-rv.de\/index.php?rest_route=%2Fwp%2Fv2%2Fcomments&post=9383"}],"version-history":[{"count":9,"href":"https:\/\/www.ess-rv.de\/index.php?rest_route=\/wp\/v2\/posts\/9383\/revisions"}],"predecessor-version":[{"id":9545,"href":"https:\/\/www.ess-rv.de\/index.php?rest_route=\/wp\/v2\/posts\/9383\/revisions\/9545"}],"wp:attachment":[{"href":"https:\/\/www.ess-rv.de\/index.php?rest_route=%2Fwp%2Fv2%2Fmedia&parent=9383"}],"wp:term":[{"taxonomy":"category","embeddable":true,"href":"https:\/\/www.ess-rv.de\/index.php?rest_route=%2Fwp%2Fv2%2Fcategories&post=9383"},{"taxonomy":"post_tag","embeddable":true,"href":"https:\/\/www.ess-rv.de\/index.php?rest_route=%2Fwp%2Fv2%2Ftags&post=9383"}],"curies":[{"name":"wp","href":"https:\/\/api.w.org\/{rel}","templated":true}]}}