{"id":9455,"date":"2025-04-10T17:08:25","date_gmt":"2025-04-10T15:08:25","guid":{"rendered":"https:\/\/www.ess-rv.de\/?p=9455"},"modified":"2025-04-10T17:26:51","modified_gmt":"2025-04-10T15:26:51","slug":"sprachreise-nach-malaga","status":"publish","type":"post","link":"https:\/\/www.ess-rv.de\/?p=9455","title":{"rendered":"Sprachreise nach M\u00e1laga"},"content":{"rendered":"<p><div id='gallery-1' class='gallery galleryid-9455 gallery-columns-3 gallery-size-thumbnail'><figure class='gallery-item'>\n\t\t\t<div class='gallery-icon landscape'>\n\t\t\t\t<a href='https:\/\/www.ess-rv.de\/wp-content\/uploads\/2025\/04\/2025-04-10-sprachreise_malaga-1280-003.jpg'><img loading=\"lazy\" decoding=\"async\" width=\"215\" height=\"215\" src=\"https:\/\/www.ess-rv.de\/wp-content\/uploads\/2025\/04\/2025-04-10-sprachreise_malaga-1280-003-215x215.jpg\" class=\"attachment-thumbnail size-thumbnail\" alt=\"\" \/><\/a>\n\t\t\t<\/div><\/figure><figure class='gallery-item'>\n\t\t\t<div class='gallery-icon portrait'>\n\t\t\t\t<a href='https:\/\/www.ess-rv.de\/wp-content\/uploads\/2025\/04\/2025-04-10-sprachreise_malaga-1280-004.jpeg'><img loading=\"lazy\" decoding=\"async\" width=\"215\" height=\"215\" src=\"https:\/\/www.ess-rv.de\/wp-content\/uploads\/2025\/04\/2025-04-10-sprachreise_malaga-1280-004-215x215.jpeg\" class=\"attachment-thumbnail size-thumbnail\" alt=\"\" \/><\/a>\n\t\t\t<\/div><\/figure><figure class='gallery-item'>\n\t\t\t<div class='gallery-icon portrait'>\n\t\t\t\t<a href='https:\/\/www.ess-rv.de\/wp-content\/uploads\/2025\/04\/2025-04-10-sprachreise_malaga-1280-001-scaled.jpg'><img loading=\"lazy\" decoding=\"async\" width=\"215\" height=\"215\" src=\"https:\/\/www.ess-rv.de\/wp-content\/uploads\/2025\/04\/2025-04-10-sprachreise_malaga-1280-001-215x215.jpg\" class=\"attachment-thumbnail size-thumbnail\" alt=\"\" \/><\/a>\n\t\t\t<\/div><\/figure><figure class='gallery-item'>\n\t\t\t<div class='gallery-icon portrait'>\n\t\t\t\t<a href='https:\/\/www.ess-rv.de\/wp-content\/uploads\/2025\/04\/2025-04-10-sprachreise_malaga-1280-006.jpeg'><img loading=\"lazy\" decoding=\"async\" width=\"215\" height=\"215\" src=\"https:\/\/www.ess-rv.de\/wp-content\/uploads\/2025\/04\/2025-04-10-sprachreise_malaga-1280-006-215x215.jpeg\" class=\"attachment-thumbnail size-thumbnail\" alt=\"\" \/><\/a>\n\t\t\t<\/div><\/figure><figure class='gallery-item'>\n\t\t\t<div class='gallery-icon portrait'>\n\t\t\t\t<a href='https:\/\/www.ess-rv.de\/wp-content\/uploads\/2025\/04\/2025-04-10-sprachreise_malaga-1280-005.jpg'><img loading=\"lazy\" decoding=\"async\" width=\"215\" height=\"215\" src=\"https:\/\/www.ess-rv.de\/wp-content\/uploads\/2025\/04\/2025-04-10-sprachreise_malaga-1280-005-215x215.jpg\" class=\"attachment-thumbnail size-thumbnail\" alt=\"\" \/><\/a>\n\t\t\t<\/div><\/figure><figure class='gallery-item'>\n\t\t\t<div class='gallery-icon portrait'>\n\t\t\t\t<a href='https:\/\/www.ess-rv.de\/wp-content\/uploads\/2025\/04\/2025-04-10-sprachreise_malaga-1280-002.jpg'><img loading=\"lazy\" decoding=\"async\" width=\"215\" height=\"215\" src=\"https:\/\/www.ess-rv.de\/wp-content\/uploads\/2025\/04\/2025-04-10-sprachreise_malaga-1280-002-215x215.jpg\" class=\"attachment-thumbnail size-thumbnail\" alt=\"\" \/><\/a>\n\t\t\t<\/div><\/figure>\n\t\t<\/div>\nDie Sprachreise nach M\u00e1laga der Spanischklassen der Jahrgangsstufe 1 begann in Begleitung von drei Spanischlehrerinnen am 21. M\u00e4rz bereits um 4 Uhr morgens am Flughafen in Memmingen. In Pedregalejo, einem Vorort von M\u00e1laga, wurden wir Sch\u00fcler*innen in unsere Gastfamilien aufgenommen und konnten von jetzt an unsere Sprachkenntnisse anwenden. Am Samstag stand der anspruchsvolle Aufstieg zum Castillo von M\u00e1laga mit toller Sicht auf die Stadt und den Hafen auf dem Programm. Am Sonntag dann wanderten wir auf dem Caminito del Rey an beeindruckenden Felsformationen und an Steilw\u00e4nden entlang &#8211; und waren trotz Dauerregens bester Laune. In unserer Freizeit erkundeten wir in kleinen oder auch gr\u00f6\u00dferen Gruppen die spanische Altstadt und genossen dabei leckere Tapas und andere Spezialit\u00e4ten.<!--more--><\/p>\n<p>Zu einer Sprachfahrt geh\u00f6rt nat\u00fcrlich auch ein Unterrichtsbesuch, der am Montag, Dienstag und Donnerstag stattfand. Nach dem ersten Schultag haben wir gemeinsam mit dem Lehrer Antonio eine k\u00f6stliche Paella zubereitet und bekamen hinterher eine interessante Stadtf\u00fchrung durch M\u00e1laga. <\/p>\n<p>Am Dienstagnachmittag fuhren wir mit einem Katamaran vom Hafen von M\u00e1laga aufs Meer hinaus. Am Mittwoch machten wir einen ganzt\u00e4gigen Ausflug nach Granada, wo wir das `Museo Cuevas Sacromonte\u00b4 besichtigten und erfuhren, wie die \u201egitanos\u201c fr\u00fcher in den H\u00f6hlen lebten. Im Anschluss a\u00dfen wir alle gemeinsam Tapas in der Gran Taberna. Der restliche Nachmittag stand uns zur freien Verf\u00fcgung, um in den verwinkelten kleinen Gassen des Alba\u00edcin zu shoppen, zu essen und oder einfach herumzustreifen. Nach dem letzten Schulbesuch, am Donnerstag hatten wir die Gelegenheit, im Meer zu schwimmen und Volleyball zu spielen. Der letzte Abend der Sprachfahrt in M\u00e1laga wurde mit einer faszinierenden Flamenco-Show zu einem unvergesslichen Erlebnis f\u00fcr uns alle und am 28. M\u00e4rz landeten wir mit tollen Erinnerungen und spanischen Gef\u00fchlen wieder im kalten, palmenlosen Deutschland. <\/p>\n<p>Ein herzlicher Dank geht an die Lehrerinnen f\u00fcr ihren Einsatz, ihre Geduld und die hervorragende Unterst\u00fctzung w\u00e4hrend der gesamten, unvergesslichen Reise.<\/p>\n","protected":false},"excerpt":{"rendered":"<p>Die Sprachreise nach M\u00e1laga der Spanischklassen der Jahrgangsstufe 1 begann in Begleitung von drei Spanischlehrerinnen am 21. M\u00e4rz bereits um 4 Uhr morgens am Flughafen in Memmingen. In Pedregalejo, einem Vorort von M\u00e1laga, wurden wir Sch\u00fcler*innen in unsere Gastfamilien aufgenommen und konnten von jetzt an unsere Sprachkenntnisse anwenden. Am Samstag stand der anspruchsvolle Aufstieg zum &hellip; <a href=\"https:\/\/www.ess-rv.de\/?p=9455\" class=\"more-link\"><span class=\"screen-reader-text\">Sprachreise nach M\u00e1laga<\/span> weiterlesen <span class=\"meta-nav\">&rarr;<\/span><\/a><\/p>\n","protected":false},"author":3,"featured_media":0,"comment_status":"closed","ping_status":"closed","sticky":false,"template":"","format":"standard","meta":{"footnotes":"","_links_to":"","_links_to_target":""},"categories":[18,29,200,201,190,202,156,203,283,198],"tags":[492,101,148,491,160,49,432,284],"class_list":["post-9455","post","type-post","status-publish","format-standard","hentry","category-ausserschulische-veranstaltung","category-berufliche-gymnasien","category-btg","category-eg","category-exkursion","category-gg","category-klassenfahrt","category-sg","category-sprachfahrt","category-standort-ravensburg","tag-2024-2025","tag-austausch","tag-berufliche-gymnasien","tag-fremdsprachen","tag-klassenfahrt","tag-ravensburg","tag-spanisch","tag-sprachfahrt"],"_links":{"self":[{"href":"https:\/\/www.ess-rv.de\/index.php?rest_route=\/wp\/v2\/posts\/9455","targetHints":{"allow":["GET"]}}],"collection":[{"href":"https:\/\/www.ess-rv.de\/index.php?rest_route=\/wp\/v2\/posts"}],"about":[{"href":"https:\/\/www.ess-rv.de\/index.php?rest_route=\/wp\/v2\/types\/post"}],"author":[{"embeddable":true,"href":"https:\/\/www.ess-rv.de\/index.php?rest_route=\/wp\/v2\/users\/3"}],"replies":[{"embeddable":true,"href":"https:\/\/www.ess-rv.de\/index.php?rest_route=%2Fwp%2Fv2%2Fcomments&post=9455"}],"version-history":[{"count":3,"href":"https:\/\/www.ess-rv.de\/index.php?rest_route=\/wp\/v2\/posts\/9455\/revisions"}],"predecessor-version":[{"id":9464,"href":"https:\/\/www.ess-rv.de\/index.php?rest_route=\/wp\/v2\/posts\/9455\/revisions\/9464"}],"wp:attachment":[{"href":"https:\/\/www.ess-rv.de\/index.php?rest_route=%2Fwp%2Fv2%2Fmedia&parent=9455"}],"wp:term":[{"taxonomy":"category","embeddable":true,"href":"https:\/\/www.ess-rv.de\/index.php?rest_route=%2Fwp%2Fv2%2Fcategories&post=9455"},{"taxonomy":"post_tag","embeddable":true,"href":"https:\/\/www.ess-rv.de\/index.php?rest_route=%2Fwp%2Fv2%2Ftags&post=9455"}],"curies":[{"name":"wp","href":"https:\/\/api.w.org\/{rel}","templated":true}]}}