{"id":9488,"date":"2025-04-29T07:00:07","date_gmt":"2025-04-29T05:00:07","guid":{"rendered":"https:\/\/www.ess-rv.de\/?p=9488"},"modified":"2025-04-27T17:17:51","modified_gmt":"2025-04-27T15:17:51","slug":"natur-nachhaltigkeit-und-glueck","status":"publish","type":"post","link":"https:\/\/www.ess-rv.de\/?p=9488","title":{"rendered":"Natur, Nachhaltigkeit und Gl\u00fcck"},"content":{"rendered":"<p><img loading=\"lazy\" decoding=\"async\" src=\"https:\/\/www.ess-rv.de\/wp-content\/uploads\/2025\/04\/Nachhaltigkeitsabdruck-300x225.jpeg\" alt=\"\" width=\"300\" height=\"225\" class=\"alignright size-medium wp-image-9492\" srcset=\"https:\/\/www.ess-rv.de\/wp-content\/uploads\/2025\/04\/Nachhaltigkeitsabdruck-300x225.jpeg 300w, https:\/\/www.ess-rv.de\/wp-content\/uploads\/2025\/04\/Nachhaltigkeitsabdruck-1024x768.jpeg 1024w, https:\/\/www.ess-rv.de\/wp-content\/uploads\/2025\/04\/Nachhaltigkeitsabdruck-768x576.jpeg 768w, https:\/\/www.ess-rv.de\/wp-content\/uploads\/2025\/04\/Nachhaltigkeitsabdruck-1536x1152.jpeg 1536w, https:\/\/www.ess-rv.de\/wp-content\/uploads\/2025\/04\/Nachhaltigkeitsabdruck.jpeg 1600w\" sizes=\"auto, (max-width: 300px) 100vw, 300px\" \/>Das diesj\u00e4hrige UNESCO-Seminar hat im M\u00e4rz unter dem Leitmotiv \u201eNatur, Nachhaltigkeit und Gl\u00fcck \u2013 Was brauchen wir f\u00fcr ein erf\u00fclltes Leben?\u201c in Bad Urach stattgefunden. Wir, Julie und Maja aus der Eingangsklasse, haben teilgenommen und berichten euch dar\u00fcber.<\/p>\n<p><!--more-->Das Seminar begann mit der Ankunft der Teilnehmenden. Im Anschluss hielt Dr. Erwaa Bishara einen Vortrag per Videocall zum Thema \u201eNachhaltigkeit\u201c, in dem die Grundlagen sowie die Notwendigkeit nachhaltigen Handelns erl\u00e4utert wurden. Im Anschluss gab es einen Vortrag \u00fcber &#8222;Nachhaltigkeit &#038; Gl\u00fcck&#8220; und das integrierte &#8222;Weltspiel&#8220;, um die Thematik auf interaktive Weise zu vermitteln und uns zu erm\u00f6glichen, unser eigenes Wissen einzubringen.  <\/p>\n<p>Am Donnerstag unternahmen wir eine Exkursion mit dem F\u00f6rster Ulrich Wahl in den Uracher Wald. Dort konnten wir die Bedeutung des Waldes f\u00fcr ein nachhaltiges \u00d6kosystem unmittelbar erfahren. Am Nachmittag hatten wir die Gelegenheit, uns mit anderen Teilnehmenden aus Baden-W\u00fcrttemberg \u00fcber eigene Nachhaltigkeitsprojekte auszutauschen. Der Tag endete einem englischen Vortrag \u00fcber das \u201eBruttonationalgl\u00fcck\u201c und anschlie\u00dfender Vorbereitung von Fragen f\u00fcr den &#8222;Chat der Welten&#8220;, einem Videogespr\u00e4ch mit Bhutan.<br \/>\nAm Freitag fand der Videoanruf mit Bhutan in englischer Sprache statt. Wir hatten die M\u00f6glichkeit, uns direkt mit Sch\u00fclern aus Bhutan \u00fcber ihre Perspektiven auf Nachhaltigkeit und Gl\u00fcck auszutauschen. Abschlie\u00dfend wurden Informationen zu weiteren Aktionen gegeben und eine Feedbackrunde zum Seminar durchgef\u00fchrt, in der alle Teilnehmenden ihre Meinungen und Anregungen einbringen konnten. <\/p>\n<p>F\u00fcr uns stellte das Seminar eine interessante Erfahrung und eine Abwechslung zum Alltag dar, die uns erm\u00f6glichte, neue Sichtweisen zu lernen und sich mit Gleichaltrigen auszutauschen. Wir w\u00fcrden es weiterempfehlen. <\/p>\n","protected":false},"excerpt":{"rendered":"<p>Das diesj\u00e4hrige UNESCO-Seminar hat im M\u00e4rz unter dem Leitmotiv \u201eNatur, Nachhaltigkeit und Gl\u00fcck \u2013 Was brauchen wir f\u00fcr ein erf\u00fclltes Leben?\u201c in Bad Urach stattgefunden. Wir, Julie und Maja aus der Eingangsklasse, haben teilgenommen und berichten euch dar\u00fcber.<\/p>\n","protected":false},"author":3,"featured_media":0,"comment_status":"closed","ping_status":"closed","sticky":false,"template":"","format":"standard","meta":{"footnotes":"","_links_to":"","_links_to_target":""},"categories":[199,18,96,29,2,200,202,402,203,198],"tags":[492,148,254,49,84],"class_list":["post-9488","post","type-post","status-publish","format-standard","hentry","category-ag","category-ausserschulische-veranstaltung","category-austausch","category-berufliche-gymnasien","category-bildungsangebot","category-btg","category-gg","category-projekttag","category-sg","category-standort-ravensburg","tag-2024-2025","tag-berufliche-gymnasien","tag-exkursion","tag-ravensburg","tag-unesco"],"_links":{"self":[{"href":"https:\/\/www.ess-rv.de\/index.php?rest_route=\/wp\/v2\/posts\/9488","targetHints":{"allow":["GET"]}}],"collection":[{"href":"https:\/\/www.ess-rv.de\/index.php?rest_route=\/wp\/v2\/posts"}],"about":[{"href":"https:\/\/www.ess-rv.de\/index.php?rest_route=\/wp\/v2\/types\/post"}],"author":[{"embeddable":true,"href":"https:\/\/www.ess-rv.de\/index.php?rest_route=\/wp\/v2\/users\/3"}],"replies":[{"embeddable":true,"href":"https:\/\/www.ess-rv.de\/index.php?rest_route=%2Fwp%2Fv2%2Fcomments&post=9488"}],"version-history":[{"count":7,"href":"https:\/\/www.ess-rv.de\/index.php?rest_route=\/wp\/v2\/posts\/9488\/revisions"}],"predecessor-version":[{"id":9496,"href":"https:\/\/www.ess-rv.de\/index.php?rest_route=\/wp\/v2\/posts\/9488\/revisions\/9496"}],"wp:attachment":[{"href":"https:\/\/www.ess-rv.de\/index.php?rest_route=%2Fwp%2Fv2%2Fmedia&parent=9488"}],"wp:term":[{"taxonomy":"category","embeddable":true,"href":"https:\/\/www.ess-rv.de\/index.php?rest_route=%2Fwp%2Fv2%2Fcategories&post=9488"},{"taxonomy":"post_tag","embeddable":true,"href":"https:\/\/www.ess-rv.de\/index.php?rest_route=%2Fwp%2Fv2%2Ftags&post=9488"}],"curies":[{"name":"wp","href":"https:\/\/api.w.org\/{rel}","templated":true}]}}