{"id":9548,"date":"2025-07-01T10:05:22","date_gmt":"2025-07-01T08:05:22","guid":{"rendered":"https:\/\/www.ess-rv.de\/?p=9548"},"modified":"2025-07-01T10:23:34","modified_gmt":"2025-07-01T08:23:34","slug":"besuch-der-gedenkstaette-in-ueberlingen","status":"publish","type":"post","link":"https:\/\/www.ess-rv.de\/?p=9548","title":{"rendered":"Besuch der Gedenkst\u00e4tte in \u00dcberlingen"},"content":{"rendered":"<p><div id='gallery-1' class='gallery galleryid-9548 gallery-columns-3 gallery-size-thumbnail'><figure class='gallery-item'>\n\t\t\t<div class='gallery-icon portrait'>\n\t\t\t\t<a href='https:\/\/www.ess-rv.de\/wp-content\/uploads\/2025\/07\/2025-07-01-goldbachstollen-1280-007.jpeg'><img loading=\"lazy\" decoding=\"async\" width=\"215\" height=\"215\" src=\"https:\/\/www.ess-rv.de\/wp-content\/uploads\/2025\/07\/2025-07-01-goldbachstollen-1280-007-215x215.jpeg\" class=\"attachment-thumbnail size-thumbnail\" alt=\"\" \/><\/a>\n\t\t\t<\/div><\/figure><figure class='gallery-item'>\n\t\t\t<div class='gallery-icon portrait'>\n\t\t\t\t<a href='https:\/\/www.ess-rv.de\/wp-content\/uploads\/2025\/07\/2025-07-01-goldbachstollen-1280-009.jpg'><img loading=\"lazy\" decoding=\"async\" width=\"215\" height=\"215\" src=\"https:\/\/www.ess-rv.de\/wp-content\/uploads\/2025\/07\/2025-07-01-goldbachstollen-1280-009-215x215.jpg\" class=\"attachment-thumbnail size-thumbnail\" alt=\"\" \/><\/a>\n\t\t\t<\/div><\/figure><figure class='gallery-item'>\n\t\t\t<div class='gallery-icon portrait'>\n\t\t\t\t<a href='https:\/\/www.ess-rv.de\/wp-content\/uploads\/2025\/07\/2025-07-01-goldbachstollen-1280-008.jpeg'><img loading=\"lazy\" decoding=\"async\" width=\"215\" height=\"215\" src=\"https:\/\/www.ess-rv.de\/wp-content\/uploads\/2025\/07\/2025-07-01-goldbachstollen-1280-008-215x215.jpeg\" class=\"attachment-thumbnail size-thumbnail\" alt=\"\" \/><\/a>\n\t\t\t<\/div><\/figure>\n\t\t<\/div>\n Vor rund 80 Jahren wurden KZ-H\u00e4ftlinge gezwungen, unter grausamen Bedingungen Tunnel in einen Felsen zu graben. Ziel war es, die kriegswichtige Industrie aus Friedrichshafen zu evakuieren. Zw\u00f6lf Stunden t\u00e4glich mussten die H\u00e4ftlinge ohne ausreichende Nahrung und ohne medizinische Versorgung arbeiten. Mehr als 240 Menschen verloren dabei ihr Leben. Wir haben den <a href=\"https:\/\/de.wikipedia.org\/wiki\/Goldbacher_Stollen\" target=\"_blank\">Goldbacher Stollen<\/a> in \u00dcberlingen besucht: den Ort, der f\u00fcr Leid, Zwang und Tod steht und uns daran erinnert, was sich niemals wiederholen darf.<\/p>\n","protected":false},"excerpt":{"rendered":"<p>Vor rund 80 Jahren wurden KZ-H\u00e4ftlinge gezwungen, unter grausamen Bedingungen Tunnel in einen Felsen zu graben. Ziel war es, die kriegswichtige Industrie aus Friedrichshafen zu evakuieren. Zw\u00f6lf Stunden t\u00e4glich mussten die H\u00e4ftlinge ohne ausreichende Nahrung und ohne medizinische Versorgung arbeiten. Mehr als 240 Menschen verloren dabei ihr Leben. Wir haben den Goldbacher Stollen in \u00dcberlingen &hellip; <a href=\"https:\/\/www.ess-rv.de\/?p=9548\" class=\"more-link\"><span class=\"screen-reader-text\">Besuch der Gedenkst\u00e4tte in \u00dcberlingen<\/span> weiterlesen <span class=\"meta-nav\">&rarr;<\/span><\/a><\/p>\n","protected":false},"author":3,"featured_media":0,"comment_status":"closed","ping_status":"closed","sticky":false,"template":"","format":"standard","meta":{"footnotes":"","_links_to":"","_links_to_target":""},"categories":[18,29,2,190,203,47,198,33],"tags":[492,416,148,254,445,193],"class_list":["post-9548","post","type-post","status-publish","format-standard","hentry","category-ausserschulische-veranstaltung","category-berufliche-gymnasien","category-bildungsangebot","category-exkursion","category-sg","category-soziales-engagement","category-standort-ravensburg","category-veranstaltung","tag-2024-2025","tag-aus-dem-unterricht","tag-berufliche-gymnasien","tag-exkursion","tag-gemeinschaftskunde","tag-geschichte"],"_links":{"self":[{"href":"https:\/\/www.ess-rv.de\/index.php?rest_route=\/wp\/v2\/posts\/9548","targetHints":{"allow":["GET"]}}],"collection":[{"href":"https:\/\/www.ess-rv.de\/index.php?rest_route=\/wp\/v2\/posts"}],"about":[{"href":"https:\/\/www.ess-rv.de\/index.php?rest_route=\/wp\/v2\/types\/post"}],"author":[{"embeddable":true,"href":"https:\/\/www.ess-rv.de\/index.php?rest_route=\/wp\/v2\/users\/3"}],"replies":[{"embeddable":true,"href":"https:\/\/www.ess-rv.de\/index.php?rest_route=%2Fwp%2Fv2%2Fcomments&post=9548"}],"version-history":[{"count":2,"href":"https:\/\/www.ess-rv.de\/index.php?rest_route=\/wp\/v2\/posts\/9548\/revisions"}],"predecessor-version":[{"id":9553,"href":"https:\/\/www.ess-rv.de\/index.php?rest_route=\/wp\/v2\/posts\/9548\/revisions\/9553"}],"wp:attachment":[{"href":"https:\/\/www.ess-rv.de\/index.php?rest_route=%2Fwp%2Fv2%2Fmedia&parent=9548"}],"wp:term":[{"taxonomy":"category","embeddable":true,"href":"https:\/\/www.ess-rv.de\/index.php?rest_route=%2Fwp%2Fv2%2Fcategories&post=9548"},{"taxonomy":"post_tag","embeddable":true,"href":"https:\/\/www.ess-rv.de\/index.php?rest_route=%2Fwp%2Fv2%2Ftags&post=9548"}],"curies":[{"name":"wp","href":"https:\/\/api.w.org\/{rel}","templated":true}]}}