{"id":9554,"date":"2025-07-04T05:30:36","date_gmt":"2025-07-04T03:30:36","guid":{"rendered":"https:\/\/www.ess-rv.de\/?p=9554"},"modified":"2025-07-01T10:30:59","modified_gmt":"2025-07-01T08:30:59","slug":"la-ultima-comida-juntos-en-clase-de-espanol","status":"publish","type":"post","link":"https:\/\/www.ess-rv.de\/?p=9554","title":{"rendered":"La \u00faltima comida juntos en clase de espa\u00f1ol"},"content":{"rendered":"<p><div id='gallery-1' class='gallery galleryid-9554 gallery-columns-3 gallery-size-thumbnail'><figure class='gallery-item'>\n\t\t\t<div class='gallery-icon landscape'>\n\t\t\t\t<a href='https:\/\/www.ess-rv.de\/wp-content\/uploads\/2025\/07\/2025-07-01-comidaespanol-1280-009.jpg'><img loading=\"lazy\" decoding=\"async\" width=\"215\" height=\"215\" src=\"https:\/\/www.ess-rv.de\/wp-content\/uploads\/2025\/07\/2025-07-01-comidaespanol-1280-009-215x215.jpg\" class=\"attachment-thumbnail size-thumbnail\" alt=\"\" \/><\/a>\n\t\t\t<\/div><\/figure><figure class='gallery-item'>\n\t\t\t<div class='gallery-icon landscape'>\n\t\t\t\t<a href='https:\/\/www.ess-rv.de\/wp-content\/uploads\/2025\/07\/2025-07-01-comidaespanol-1280-007.jpg'><img loading=\"lazy\" decoding=\"async\" width=\"215\" height=\"215\" src=\"https:\/\/www.ess-rv.de\/wp-content\/uploads\/2025\/07\/2025-07-01-comidaespanol-1280-007-215x215.jpg\" class=\"attachment-thumbnail size-thumbnail\" alt=\"\" \/><\/a>\n\t\t\t<\/div><\/figure><figure class='gallery-item'>\n\t\t\t<div class='gallery-icon portrait'>\n\t\t\t\t<a href='https:\/\/www.ess-rv.de\/wp-content\/uploads\/2025\/07\/2025-07-01-comidaespanol-1280-008.jpg'><img loading=\"lazy\" decoding=\"async\" width=\"215\" height=\"215\" src=\"https:\/\/www.ess-rv.de\/wp-content\/uploads\/2025\/07\/2025-07-01-comidaespanol-1280-008-215x215.jpg\" class=\"attachment-thumbnail size-thumbnail\" alt=\"\" \/><\/a>\n\t\t\t<\/div><\/figure>\n\t\t<\/div>\n Zum Abschluss der letzten drei Jahre Spanischunterricht haben wir Spanisch-Sch\u00fclerinnen und -Sch\u00fcler der Jahrgangsstufe 2 gemeinsam typisch spanische Gerichte zubereitet. In Kleingruppen suchten wir zun\u00e4chst Rezepte auf Spanisch und kochten dann die verschiedensten Spezialit\u00e4ten wie bspw. Empanadas, Croquetas, Tortillas, Pimientos de Padr\u00f3n und Gambas al ajillo. Am Ende entstand ein kunterbuntes Buffet, bei dem f\u00fcr Jede und Jeden etwas Leckeres dabei war. Was f\u00fcr ein toller Ausflug in die spanische K\u00fcche &#8211; \u00a1qu\u00e9 aproveche! <\/p>\n","protected":false},"excerpt":{"rendered":"<p>Zum Abschluss der letzten drei Jahre Spanischunterricht haben wir Spanisch-Sch\u00fclerinnen und -Sch\u00fcler der Jahrgangsstufe 2 gemeinsam typisch spanische Gerichte zubereitet. In Kleingruppen suchten wir zun\u00e4chst Rezepte auf Spanisch und kochten dann die verschiedensten Spezialit\u00e4ten wie bspw. Empanadas, Croquetas, Tortillas, Pimientos de Padr\u00f3n und Gambas al ajillo. Am Ende entstand ein kunterbuntes Buffet, bei dem f\u00fcr &hellip; <a href=\"https:\/\/www.ess-rv.de\/?p=9554\" class=\"more-link\"><span class=\"screen-reader-text\">La \u00faltima comida juntos en clase de espa\u00f1ol<\/span> weiterlesen <span class=\"meta-nav\">&rarr;<\/span><\/a><\/p>\n","protected":false},"author":3,"featured_media":0,"comment_status":"closed","ping_status":"closed","sticky":false,"template":"","format":"standard","meta":{"footnotes":"","_links_to":"","_links_to_target":""},"categories":[18,96,29,2,200,201,202,203,198],"tags":[492,416,148,432],"class_list":["post-9554","post","type-post","status-publish","format-standard","hentry","category-ausserschulische-veranstaltung","category-austausch","category-berufliche-gymnasien","category-bildungsangebot","category-btg","category-eg","category-gg","category-sg","category-standort-ravensburg","tag-2024-2025","tag-aus-dem-unterricht","tag-berufliche-gymnasien","tag-spanisch"],"_links":{"self":[{"href":"https:\/\/www.ess-rv.de\/index.php?rest_route=\/wp\/v2\/posts\/9554","targetHints":{"allow":["GET"]}}],"collection":[{"href":"https:\/\/www.ess-rv.de\/index.php?rest_route=\/wp\/v2\/posts"}],"about":[{"href":"https:\/\/www.ess-rv.de\/index.php?rest_route=\/wp\/v2\/types\/post"}],"author":[{"embeddable":true,"href":"https:\/\/www.ess-rv.de\/index.php?rest_route=\/wp\/v2\/users\/3"}],"replies":[{"embeddable":true,"href":"https:\/\/www.ess-rv.de\/index.php?rest_route=%2Fwp%2Fv2%2Fcomments&post=9554"}],"version-history":[{"count":2,"href":"https:\/\/www.ess-rv.de\/index.php?rest_route=\/wp\/v2\/posts\/9554\/revisions"}],"predecessor-version":[{"id":9559,"href":"https:\/\/www.ess-rv.de\/index.php?rest_route=\/wp\/v2\/posts\/9554\/revisions\/9559"}],"wp:attachment":[{"href":"https:\/\/www.ess-rv.de\/index.php?rest_route=%2Fwp%2Fv2%2Fmedia&parent=9554"}],"wp:term":[{"taxonomy":"category","embeddable":true,"href":"https:\/\/www.ess-rv.de\/index.php?rest_route=%2Fwp%2Fv2%2Fcategories&post=9554"},{"taxonomy":"post_tag","embeddable":true,"href":"https:\/\/www.ess-rv.de\/index.php?rest_route=%2Fwp%2Fv2%2Ftags&post=9554"}],"curies":[{"name":"wp","href":"https:\/\/api.w.org\/{rel}","templated":true}]}}