{"id":9573,"date":"2025-07-11T05:41:48","date_gmt":"2025-07-11T03:41:48","guid":{"rendered":"https:\/\/www.ess-rv.de\/?p=9573"},"modified":"2025-07-10T14:50:18","modified_gmt":"2025-07-10T12:50:18","slug":"smv-abschlussfahrt-nach-barcelona-2025","status":"publish","type":"post","link":"https:\/\/www.ess-rv.de\/?p=9573","title":{"rendered":"SMV-Abschlussfahrt nach Barcelona 2025"},"content":{"rendered":"<p><a href=\"https:\/\/www.ess-rv.de\/wp-content\/uploads\/2025\/07\/2025-07-10-barcelona-1280-001.jpg\"><img loading=\"lazy\" decoding=\"async\" src=\"https:\/\/www.ess-rv.de\/wp-content\/uploads\/2025\/07\/2025-07-10-barcelona-1280-001-300x218.jpg\" alt=\"\" width=\"300\" height=\"218\" class=\"alignright size-medium wp-image-9575\" srcset=\"https:\/\/www.ess-rv.de\/wp-content\/uploads\/2025\/07\/2025-07-10-barcelona-1280-001-300x218.jpg 300w, https:\/\/www.ess-rv.de\/wp-content\/uploads\/2025\/07\/2025-07-10-barcelona-1280-001-1024x745.jpg 1024w, https:\/\/www.ess-rv.de\/wp-content\/uploads\/2025\/07\/2025-07-10-barcelona-1280-001-768x559.jpg 768w, https:\/\/www.ess-rv.de\/wp-content\/uploads\/2025\/07\/2025-07-10-barcelona-1280-001-1536x1117.jpg 1536w, https:\/\/www.ess-rv.de\/wp-content\/uploads\/2025\/07\/2025-07-10-barcelona-1280-001.jpg 1650w\" sizes=\"auto, (max-width: 300px) 100vw, 300px\" \/><\/a>Am 28. Mai stiegen direkt nach den letzten schriftlichen Pr\u00fcfungen 62 angehende MFA, ZFA, PKA und Gesundheitskaufleute mit drei SMV-Lehrkr\u00e4ften in Aulendorf bei anhaltendem Nieselregen in den Bus Richtung Barcelona. Nach knapp 16 Stunden konnten fr\u00fchmorgens alle sogleich ihre Zimmer beziehen und zudem bereits im Hotel fr\u00fchst\u00fccken. Nach kurzem Relaxen ging es mit dem Zug nach Barcelona: Die erste Shopping- und Stadttour bei herrlichstem Sonnenschein.<!--more--><\/p>\n<p>Am n\u00e4chsten Tag durften wir in zwei Teilgruppen dank professioneller F\u00fchrungen die Stadt genauer kennenlernen \u2026 zweite Runde Shopping \u2026 Die Bergkulisse rund um das Kloster Montserrat, der Besuch des Dali-Museums in Figueres sowie das \u00e4sthetisch und fachlich h\u00f6chst beeindruckende alte Krankenhaus von Barcelona: Hospital de Sant Pau, ein UNESCO-Weltkulturerbe, z\u00e4hlten unbedingt zu den kulturellen Highlights unserer Abschlussfahrt \u2026 abgerundet von einem wundersch\u00f6nen Blick von einer Anh\u00f6he auf das n\u00e4chtliche Barcelona.<\/p>\n<p>Der letzte Tag unserer Reise: Strand- und Badezeit mitsamt einer extra f\u00fcr unsere Gruppe organisierten Badeschildkr\u00f6te rundeten das abwechslungsreiche Programm bis zur Abfahrt am 1. Juni abends ab. Die Gruppe kam mit vielen lustigen Erinnerungen und interessanten Erlebnissen am Montagnachmittag vollz\u00e4hlig wieder in Aulendorf an. Eine wirklich rundherum sehr gelungene Abschlussfahrt!<\/p>\n","protected":false},"excerpt":{"rendered":"<p>Am 28. Mai stiegen direkt nach den letzten schriftlichen Pr\u00fcfungen 62 angehende MFA, ZFA, PKA und Gesundheitskaufleute mit drei SMV-Lehrkr\u00e4ften in Aulendorf bei anhaltendem Nieselregen in den Bus Richtung Barcelona. Nach knapp 16 Stunden konnten fr\u00fchmorgens alle sogleich ihre Zimmer beziehen und zudem bereits im Hotel fr\u00fchst\u00fccken. Nach kurzem Relaxen ging es mit dem Zug &hellip; <a href=\"https:\/\/www.ess-rv.de\/?p=9573\" class=\"more-link\"><span class=\"screen-reader-text\">SMV-Abschlussfahrt nach Barcelona 2025<\/span> weiterlesen <span class=\"meta-nav\">&rarr;<\/span><\/a><\/p>\n","protected":false},"author":3,"featured_media":0,"comment_status":"closed","ping_status":"closed","sticky":false,"template":"","format":"standard","meta":{"footnotes":"","_links_to":"","_links_to_target":""},"categories":[18,40,2,190,236,156,237,227,360,197,302,238,219],"tags":[70,54,160,178],"class_list":["post-9573","post","type-post","status-publish","format-standard","hentry","category-ausserschulische-veranstaltung","category-berufsschule","category-bildungsangebot","category-exkursion","category-gk","category-klassenfahrt","category-mf","category-pka","category-smv","category-standort-aulendorf","category-studienfahrt","category-tf","category-zf","tag-aulendorf","tag-berufsschule","tag-klassenfahrt","tag-smv"],"_links":{"self":[{"href":"https:\/\/www.ess-rv.de\/index.php?rest_route=\/wp\/v2\/posts\/9573","targetHints":{"allow":["GET"]}}],"collection":[{"href":"https:\/\/www.ess-rv.de\/index.php?rest_route=\/wp\/v2\/posts"}],"about":[{"href":"https:\/\/www.ess-rv.de\/index.php?rest_route=\/wp\/v2\/types\/post"}],"author":[{"embeddable":true,"href":"https:\/\/www.ess-rv.de\/index.php?rest_route=\/wp\/v2\/users\/3"}],"replies":[{"embeddable":true,"href":"https:\/\/www.ess-rv.de\/index.php?rest_route=%2Fwp%2Fv2%2Fcomments&post=9573"}],"version-history":[{"count":3,"href":"https:\/\/www.ess-rv.de\/index.php?rest_route=\/wp\/v2\/posts\/9573\/revisions"}],"predecessor-version":[{"id":9577,"href":"https:\/\/www.ess-rv.de\/index.php?rest_route=\/wp\/v2\/posts\/9573\/revisions\/9577"}],"wp:attachment":[{"href":"https:\/\/www.ess-rv.de\/index.php?rest_route=%2Fwp%2Fv2%2Fmedia&parent=9573"}],"wp:term":[{"taxonomy":"category","embeddable":true,"href":"https:\/\/www.ess-rv.de\/index.php?rest_route=%2Fwp%2Fv2%2Fcategories&post=9573"},{"taxonomy":"post_tag","embeddable":true,"href":"https:\/\/www.ess-rv.de\/index.php?rest_route=%2Fwp%2Fv2%2Ftags&post=9573"}],"curies":[{"name":"wp","href":"https:\/\/api.w.org\/{rel}","templated":true}]}}