{"id":9588,"date":"2025-07-17T14:23:00","date_gmt":"2025-07-17T12:23:00","guid":{"rendered":"https:\/\/www.ess-rv.de\/?p=9588"},"modified":"2025-07-24T16:12:54","modified_gmt":"2025-07-24T14:12:54","slug":"familiaer-feierlich-freudvoll-abiball-der-edith-stein-schule","status":"publish","type":"post","link":"https:\/\/www.ess-rv.de\/?p=9588","title":{"rendered":"Famili\u00e4r, feierlich, freudvoll  &#8211;  Abiball der Edith-Stein-Schule"},"content":{"rendered":"<p><a href=\"https:\/\/www.ess-rv.de\/wp-content\/uploads\/2025\/07\/2025-07-24-abiball-1280-001-scaled.jpg\"><img loading=\"lazy\" decoding=\"async\" src=\"https:\/\/www.ess-rv.de\/wp-content\/uploads\/2025\/07\/2025-07-24-abiball-1280-001-scaled.jpg\" alt=\"\" width=\"2560\" height=\"603\" class=\"alignnone size-full wp-image-9621\" srcset=\"https:\/\/www.ess-rv.de\/wp-content\/uploads\/2025\/07\/2025-07-24-abiball-1280-001-scaled.jpg 2560w, https:\/\/www.ess-rv.de\/wp-content\/uploads\/2025\/07\/2025-07-24-abiball-1280-001-300x71.jpg 300w, https:\/\/www.ess-rv.de\/wp-content\/uploads\/2025\/07\/2025-07-24-abiball-1280-001-1024x241.jpg 1024w, https:\/\/www.ess-rv.de\/wp-content\/uploads\/2025\/07\/2025-07-24-abiball-1280-001-768x181.jpg 768w, https:\/\/www.ess-rv.de\/wp-content\/uploads\/2025\/07\/2025-07-24-abiball-1280-001-1536x362.jpg 1536w, https:\/\/www.ess-rv.de\/wp-content\/uploads\/2025\/07\/2025-07-24-abiball-1280-001-2048x483.jpg 2048w\" sizes=\"auto, (max-width: 2560px) 100vw, 2560px\" \/><\/a> Strahlende Gesichter. Und f\u00fcr jede Sch\u00fclerin und jeden Sch\u00fcler eine Rose. In sehr festlicher und famili\u00e4rer Atmosph\u00e4re fand der Abiball des Abiturjahrgangs 2025 in der Iris-Halle in Eriskirch statt. Bei der feierlichen Zeugnis\u00fcbergabe gab es vier Mal die Traumnote 1,0, insgesamt 23 Preise und 17 Belobigungen sowie zahlreiche Sonderpreise. <!--more--><\/p>\n<p>Schulleiter Herbert Weber gratuliert den insgesamt 83 Abiturientinnen und Abiturienten zum Erwerb der Allgemeinen Hochschulreife: \u201eSicherlich sp\u00fcren auch Sie schon dieses Gef\u00fchl \u2013 das Gef\u00fchl der Freude.\u201c Freude entstehe dann, wenn wir das Richtige tun, wenn wir ins Handeln kommen und uns f\u00fcr das Gute entscheiden, denn: \u201eFreude wird durchs Tun immer gr\u00f6\u00dfer und sie ersch\u00f6pft sich nicht.\u201c <\/p>\n<p>Scheffelpreistr\u00e4ger Gianluca Abbate weist in seiner Rede darauf hin, dass es immer die Personen sind, die daf\u00fcr sorgen, dass \u201edie allermeisten von uns doch mit einem L\u00e4cheln und Freude in die Schule gekommen sind.\u201c Und so gehe es auch in Zukunft darum, die positiven Seiten des Lebens hochzuhalten und bereit zu sein, auf die Musik des Lebens zu tanzen. <\/p>\n<p>Es folgt ein abwechslungsreiches Programm der jeweiligen Abschlussklassen: Lehrerinnen und Lehrer wurden in unterschiedlichen Kategorien, z.B. \u201eLehrer mit dem besten Style\u201c, ausgezeichnet und gekr\u00f6nt. Dabei wurde auch der Einsatz von Abteilungsleiterin Brigitte Sch\u00fcrmann bei der Vorbereitung auf das Abitur gew\u00fcrdigt. Weiter ging es mit einem Kahoot, einem Lehrer gegen Lehrer Duell sowie einem Lehrer-Sch\u00fcler Tanz. <\/p>\n<p>Die gute Stimmung konnte auch die verz\u00f6gerte Essensausgabe nicht tr\u00fcben: an der Fotowand, im Freien und in der Warteschlange nutzte man die Zeit, um miteinander ins Gespr\u00e4ch zu kommen und Fotos zu machen. Der laue Sommerabend lud dazu ein, Freude zu empfinden und sie zu teilen. <div id='gallery-1' class='gallery galleryid-9588 gallery-columns-3 gallery-size-thumbnail'><figure class='gallery-item'>\n\t\t\t<div class='gallery-icon landscape'>\n\t\t\t\t<a href='https:\/\/www.ess-rv.de\/wp-content\/uploads\/2025\/07\/2025-07-17-abiball2025-1280-003.jpg'><img loading=\"lazy\" decoding=\"async\" width=\"215\" height=\"215\" src=\"https:\/\/www.ess-rv.de\/wp-content\/uploads\/2025\/07\/2025-07-17-abiball2025-1280-003-215x215.jpg\" class=\"attachment-thumbnail size-thumbnail\" alt=\"\" \/><\/a>\n\t\t\t<\/div><\/figure><figure class='gallery-item'>\n\t\t\t<div class='gallery-icon landscape'>\n\t\t\t\t<a href='https:\/\/www.ess-rv.de\/wp-content\/uploads\/2025\/07\/2025-07-17-abiball2025-1280-002.jpg'><img loading=\"lazy\" decoding=\"async\" width=\"215\" height=\"215\" src=\"https:\/\/www.ess-rv.de\/wp-content\/uploads\/2025\/07\/2025-07-17-abiball2025-1280-002-215x215.jpg\" class=\"attachment-thumbnail size-thumbnail\" alt=\"\" \/><\/a>\n\t\t\t<\/div><\/figure><figure class='gallery-item'>\n\t\t\t<div class='gallery-icon landscape'>\n\t\t\t\t<a href='https:\/\/www.ess-rv.de\/wp-content\/uploads\/2025\/07\/2025-07-16-abiball2025-1280-001.jpg'><img loading=\"lazy\" decoding=\"async\" width=\"215\" height=\"215\" src=\"https:\/\/www.ess-rv.de\/wp-content\/uploads\/2025\/07\/2025-07-16-abiball2025-1280-001-215x215.jpg\" class=\"attachment-thumbnail size-thumbnail\" alt=\"\" \/><\/a>\n\t\t\t<\/div><\/figure>\n\t\t<\/div>\n<\/p>\n","protected":false},"excerpt":{"rendered":"<p>Strahlende Gesichter. Und f\u00fcr jede Sch\u00fclerin und jeden Sch\u00fcler eine Rose. In sehr festlicher und famili\u00e4rer Atmosph\u00e4re fand der Abiball des Abiturjahrgangs 2025 in der Iris-Halle in Eriskirch statt. Bei der feierlichen Zeugnis\u00fcbergabe gab es vier Mal die Traumnote 1,0, insgesamt 23 Preise und 17 Belobigungen sowie zahlreiche Sonderpreise.<\/p>\n","protected":false},"author":3,"featured_media":0,"comment_status":"closed","ping_status":"closed","sticky":false,"template":"","format":"standard","meta":{"footnotes":"","_links_to":"","_links_to_target":""},"categories":[18,29,2,200,201,202,203,198,196,33],"tags":[492,153,146,148,49],"class_list":["post-9588","post","type-post","status-publish","format-standard","hentry","category-ausserschulische-veranstaltung","category-berufliche-gymnasien","category-bildungsangebot","category-btg","category-eg","category-gg","category-sg","category-standort-ravensburg","category-verabschiedung","category-veranstaltung","tag-2024-2025","tag-abitur","tag-abschlussfeier","tag-berufliche-gymnasien","tag-ravensburg"],"_links":{"self":[{"href":"https:\/\/www.ess-rv.de\/index.php?rest_route=\/wp\/v2\/posts\/9588","targetHints":{"allow":["GET"]}}],"collection":[{"href":"https:\/\/www.ess-rv.de\/index.php?rest_route=\/wp\/v2\/posts"}],"about":[{"href":"https:\/\/www.ess-rv.de\/index.php?rest_route=\/wp\/v2\/types\/post"}],"author":[{"embeddable":true,"href":"https:\/\/www.ess-rv.de\/index.php?rest_route=\/wp\/v2\/users\/3"}],"replies":[{"embeddable":true,"href":"https:\/\/www.ess-rv.de\/index.php?rest_route=%2Fwp%2Fv2%2Fcomments&post=9588"}],"version-history":[{"count":5,"href":"https:\/\/www.ess-rv.de\/index.php?rest_route=\/wp\/v2\/posts\/9588\/revisions"}],"predecessor-version":[{"id":9620,"href":"https:\/\/www.ess-rv.de\/index.php?rest_route=\/wp\/v2\/posts\/9588\/revisions\/9620"}],"wp:attachment":[{"href":"https:\/\/www.ess-rv.de\/index.php?rest_route=%2Fwp%2Fv2%2Fmedia&parent=9588"}],"wp:term":[{"taxonomy":"category","embeddable":true,"href":"https:\/\/www.ess-rv.de\/index.php?rest_route=%2Fwp%2Fv2%2Fcategories&post=9588"},{"taxonomy":"post_tag","embeddable":true,"href":"https:\/\/www.ess-rv.de\/index.php?rest_route=%2Fwp%2Fv2%2Ftags&post=9588"}],"curies":[{"name":"wp","href":"https:\/\/api.w.org\/{rel}","templated":true}]}}