{"id":9597,"date":"2025-07-22T10:11:17","date_gmt":"2025-07-22T08:11:17","guid":{"rendered":"https:\/\/www.ess-rv.de\/?p=9597"},"modified":"2025-07-22T10:13:40","modified_gmt":"2025-07-22T08:13:40","slug":"feierliche-zeugnisuebergabe-fuer-19-absolventinnen-und-absolventen","status":"publish","type":"post","link":"https:\/\/www.ess-rv.de\/?p=9597","title":{"rendered":"Feierliche Zeugnis\u00fcbergabe f\u00fcr 19 Absolventinnen und Absolventen"},"content":{"rendered":"<p><a href=\"https:\/\/www.ess-rv.de\/wp-content\/uploads\/2025\/07\/2025-07-22-abschluss_2bfsa-1280-001.jpg\"><img loading=\"lazy\" decoding=\"async\" src=\"https:\/\/www.ess-rv.de\/wp-content\/uploads\/2025\/07\/2025-07-22-abschluss_2bfsa-1280-001.jpg\" alt=\"\" width=\"2133\" height=\"1200\" class=\"alignnone size-full wp-image-9598\" srcset=\"https:\/\/www.ess-rv.de\/wp-content\/uploads\/2025\/07\/2025-07-22-abschluss_2bfsa-1280-001.jpg 2133w, https:\/\/www.ess-rv.de\/wp-content\/uploads\/2025\/07\/2025-07-22-abschluss_2bfsa-1280-001-300x169.jpg 300w, https:\/\/www.ess-rv.de\/wp-content\/uploads\/2025\/07\/2025-07-22-abschluss_2bfsa-1280-001-1024x576.jpg 1024w, https:\/\/www.ess-rv.de\/wp-content\/uploads\/2025\/07\/2025-07-22-abschluss_2bfsa-1280-001-768x432.jpg 768w, https:\/\/www.ess-rv.de\/wp-content\/uploads\/2025\/07\/2025-07-22-abschluss_2bfsa-1280-001-1536x864.jpg 1536w, https:\/\/www.ess-rv.de\/wp-content\/uploads\/2025\/07\/2025-07-22-abschluss_2bfsa-1280-001-2048x1152.jpg 2048w\" sizes=\"auto, (max-width: 2133px) 100vw, 2133px\" \/><\/a><\/p>\n<p>Die Freude ist gro\u00df. An der Edith-Stein-Schule wurde der erste Jahrgang der Sozialp\u00e4dagogischen Assistentinnen und Assistenten der praxisintegrierten Ausbildung (IT) verbschiedet: Insgesamt 12 Sch\u00fclerinnen und Sch\u00fcler bekommen von Klassenlehrerin Iris F\u00fcrst ihr Zeugnis und von Abteilungsleiterin Christine Hanker ein Windr\u00e4dchen \u00fcberreicht. Aber auch in der Berufsfachschule der Sozialp\u00e4dagogischen Assistenz (Vollzeit) gibt es sieben Sch\u00fclerinnen und Sch\u00fcler, die von Klassenlehrerin Diana Schneider und Abteilungsleiterin Christine Hanker begl\u00fcckw\u00fcnscht und verabschiedet wurden. Ebenfalls mit Zeugnis und Windr\u00e4dchen. <!--more--><\/p>\n<p>Auch zwei Preise und vier Belobigungen konnten vergeben werden. Das in der Ausbildung erworbene fachliche K\u00f6nnen d\u00fcrfen die Absolventinnen und Absolventen nun in den verschiedenen elementarp\u00e4dagogischen Einrichtungen anwenden. Dort herrscht Fachkr\u00e4ftemangel und man freut sich \u00fcber Zuwachs. Wir w\u00fcnschen unseren Sch\u00fclerinnen und Sch\u00fclern f\u00fcr ihre zuk\u00fcnftige T\u00e4tigkeit in diesem wichtigen Bildungssektor alles Gute!<\/p>\n","protected":false},"excerpt":{"rendered":"<p>Die Freude ist gro\u00df. An der Edith-Stein-Schule wurde der erste Jahrgang der Sozialp\u00e4dagogischen Assistentinnen und Assistenten der praxisintegrierten Ausbildung (IT) verbschiedet: Insgesamt 12 Sch\u00fclerinnen und Sch\u00fcler bekommen von Klassenlehrerin Iris F\u00fcrst ihr Zeugnis und von Abteilungsleiterin Christine Hanker ein Windr\u00e4dchen \u00fcberreicht. Aber auch in der Berufsfachschule der Sozialp\u00e4dagogischen Assistenz (Vollzeit) gibt es sieben Sch\u00fclerinnen und &hellip; <a href=\"https:\/\/www.ess-rv.de\/?p=9597\" class=\"more-link\"><span class=\"screen-reader-text\">Feierliche Zeugnis\u00fcbergabe f\u00fcr 19 Absolventinnen und Absolventen<\/span> weiterlesen <span class=\"meta-nav\">&rarr;<\/span><\/a><\/p>\n","protected":false},"author":3,"featured_media":0,"comment_status":"closed","ping_status":"closed","sticky":false,"template":"","format":"standard","meta":{"footnotes":"","_links_to":"","_links_to_target":""},"categories":[472,30,2,198,196,33],"tags":[492,146,157,49,489],"class_list":["post-9597","post","type-post","status-publish","format-standard","hentry","category-2bfsa","category-berufsfachschule","category-bildungsangebot","category-standort-ravensburg","category-verabschiedung","category-veranstaltung","tag-2024-2025","tag-abschlussfeier","tag-berufsfachschule","tag-ravensburg","tag-sozialpaedagogische-assistenz"],"_links":{"self":[{"href":"https:\/\/www.ess-rv.de\/index.php?rest_route=\/wp\/v2\/posts\/9597","targetHints":{"allow":["GET"]}}],"collection":[{"href":"https:\/\/www.ess-rv.de\/index.php?rest_route=\/wp\/v2\/posts"}],"about":[{"href":"https:\/\/www.ess-rv.de\/index.php?rest_route=\/wp\/v2\/types\/post"}],"author":[{"embeddable":true,"href":"https:\/\/www.ess-rv.de\/index.php?rest_route=\/wp\/v2\/users\/3"}],"replies":[{"embeddable":true,"href":"https:\/\/www.ess-rv.de\/index.php?rest_route=%2Fwp%2Fv2%2Fcomments&post=9597"}],"version-history":[{"count":5,"href":"https:\/\/www.ess-rv.de\/index.php?rest_route=\/wp\/v2\/posts\/9597\/revisions"}],"predecessor-version":[{"id":9603,"href":"https:\/\/www.ess-rv.de\/index.php?rest_route=\/wp\/v2\/posts\/9597\/revisions\/9603"}],"wp:attachment":[{"href":"https:\/\/www.ess-rv.de\/index.php?rest_route=%2Fwp%2Fv2%2Fmedia&parent=9597"}],"wp:term":[{"taxonomy":"category","embeddable":true,"href":"https:\/\/www.ess-rv.de\/index.php?rest_route=%2Fwp%2Fv2%2Fcategories&post=9597"},{"taxonomy":"post_tag","embeddable":true,"href":"https:\/\/www.ess-rv.de\/index.php?rest_route=%2Fwp%2Fv2%2Ftags&post=9597"}],"curies":[{"name":"wp","href":"https:\/\/api.w.org\/{rel}","templated":true}]}}