{"id":9612,"date":"2025-07-24T15:14:38","date_gmt":"2025-07-24T13:14:38","guid":{"rendered":"https:\/\/www.ess-rv.de\/?p=9612"},"modified":"2025-07-24T15:22:26","modified_gmt":"2025-07-24T13:22:26","slug":"wie-viele-os-hat-der-zoologe-deutschunterricht-mal-anders","status":"publish","type":"post","link":"https:\/\/www.ess-rv.de\/?p=9612","title":{"rendered":"Wie viele Os hat der Zoologe? Deutschunterricht mal anders"},"content":{"rendered":"<p><a href=\"https:\/\/www.ess-rv.de\/wp-content\/uploads\/2025\/07\/2025-07-24-duden-1280-001.jpg\"><img loading=\"lazy\" decoding=\"async\" src=\"https:\/\/www.ess-rv.de\/wp-content\/uploads\/2025\/07\/2025-07-24-duden-1280-001-300x254.jpg\" alt=\"\" width=\"300\" height=\"254\" class=\"alignright size-medium wp-image-9614\" srcset=\"https:\/\/www.ess-rv.de\/wp-content\/uploads\/2025\/07\/2025-07-24-duden-1280-001-300x254.jpg 300w, https:\/\/www.ess-rv.de\/wp-content\/uploads\/2025\/07\/2025-07-24-duden-1280-001-1024x867.jpg 1024w, https:\/\/www.ess-rv.de\/wp-content\/uploads\/2025\/07\/2025-07-24-duden-1280-001-768x650.jpg 768w, https:\/\/www.ess-rv.de\/wp-content\/uploads\/2025\/07\/2025-07-24-duden-1280-001.jpg 1418w\" sizes=\"auto, (max-width: 300px) 100vw, 300px\" \/><\/a>Wie man den T\u00fccken der deutschen Sprache begegnen kann, stellte Ines Balcik am 17. Juli 2025 Oberstufensch\u00fclerinnen und -sch\u00fclern der Edith-Stein-Schule vor. Frau Balcik ist seit vielen Jahren eine der Autorinnen des Duden-Abrei\u00dfkalenders und erl\u00e4uterte lustige und schwierige Begriffe, aber auch stilistische Fallstricke. Danach ging es in einen Workshop, bei dem die Teilnehmenden selbst ausgew\u00e4hlte Begriffe zu Kalendertexten schreiben konnten, dabei aber bestimmte Kriterien beachten sollten. Nun hoffen die Deutschlehrerinnen und -lehrer der Schule, dass der eine oder andere sprachliche Stolperstein f\u00fcr das n\u00e4chste Schuljahr ausger\u00e4umt wurde.  M\u00f6glich gemacht hat diese Autorenlesung mit Literaturworkshop auch die Unterst\u00fctzung durch die Kreissparkasse Ravensburg.<\/p>\n","protected":false},"excerpt":{"rendered":"<p>Wie man den T\u00fccken der deutschen Sprache begegnen kann, stellte Ines Balcik am 17. Juli 2025 Oberstufensch\u00fclerinnen und -sch\u00fclern der Edith-Stein-Schule vor. Frau Balcik ist seit vielen Jahren eine der Autorinnen des Duden-Abrei\u00dfkalenders und erl\u00e4uterte lustige und schwierige Begriffe, aber auch stilistische Fallstricke. Danach ging es in einen Workshop, bei dem die Teilnehmenden selbst ausgew\u00e4hlte &hellip; <a href=\"https:\/\/www.ess-rv.de\/?p=9612\" class=\"more-link\"><span class=\"screen-reader-text\">Wie viele Os hat der Zoologe? Deutschunterricht mal anders<\/span> weiterlesen <span class=\"meta-nav\">&rarr;<\/span><\/a><\/p>\n","protected":false},"author":3,"featured_media":0,"comment_status":"closed","ping_status":"closed","sticky":false,"template":"","format":"standard","meta":{"footnotes":"","_links_to":"","_links_to_target":""},"categories":[18,29,2,200,201,202,203,198,33,186],"tags":[492,416,148,229,49],"class_list":["post-9612","post","type-post","status-publish","format-standard","hentry","category-ausserschulische-veranstaltung","category-berufliche-gymnasien","category-bildungsangebot","category-btg","category-eg","category-gg","category-sg","category-standort-ravensburg","category-veranstaltung","category-vortrag","tag-2024-2025","tag-aus-dem-unterricht","tag-berufliche-gymnasien","tag-deutsch","tag-ravensburg"],"_links":{"self":[{"href":"https:\/\/www.ess-rv.de\/index.php?rest_route=\/wp\/v2\/posts\/9612","targetHints":{"allow":["GET"]}}],"collection":[{"href":"https:\/\/www.ess-rv.de\/index.php?rest_route=\/wp\/v2\/posts"}],"about":[{"href":"https:\/\/www.ess-rv.de\/index.php?rest_route=\/wp\/v2\/types\/post"}],"author":[{"embeddable":true,"href":"https:\/\/www.ess-rv.de\/index.php?rest_route=\/wp\/v2\/users\/3"}],"replies":[{"embeddable":true,"href":"https:\/\/www.ess-rv.de\/index.php?rest_route=%2Fwp%2Fv2%2Fcomments&post=9612"}],"version-history":[{"count":2,"href":"https:\/\/www.ess-rv.de\/index.php?rest_route=\/wp\/v2\/posts\/9612\/revisions"}],"predecessor-version":[{"id":9616,"href":"https:\/\/www.ess-rv.de\/index.php?rest_route=\/wp\/v2\/posts\/9612\/revisions\/9616"}],"wp:attachment":[{"href":"https:\/\/www.ess-rv.de\/index.php?rest_route=%2Fwp%2Fv2%2Fmedia&parent=9612"}],"wp:term":[{"taxonomy":"category","embeddable":true,"href":"https:\/\/www.ess-rv.de\/index.php?rest_route=%2Fwp%2Fv2%2Fcategories&post=9612"},{"taxonomy":"post_tag","embeddable":true,"href":"https:\/\/www.ess-rv.de\/index.php?rest_route=%2Fwp%2Fv2%2Ftags&post=9612"}],"curies":[{"name":"wp","href":"https:\/\/api.w.org\/{rel}","templated":true}]}}