{"id":9623,"date":"2025-07-24T16:15:11","date_gmt":"2025-07-24T14:15:11","guid":{"rendered":"https:\/\/www.ess-rv.de\/?p=9623"},"modified":"2025-07-31T11:34:06","modified_gmt":"2025-07-31T09:34:06","slug":"scheene-ruata","status":"publish","type":"post","link":"https:\/\/www.ess-rv.de\/?p=9623","title":{"rendered":"Scheene Ruata!"},"content":{"rendered":"<p><div id='gallery-1' class='gallery galleryid-9623 gallery-columns-3 gallery-size-thumbnail'><figure class='gallery-item'>\n\t\t\t<div class='gallery-icon landscape'>\n\t\t\t\t<a href='https:\/\/www.ess-rv.de\/wp-content\/uploads\/2025\/07\/2025-07-10-tufa-1280-002.jpg'><img loading=\"lazy\" decoding=\"async\" width=\"215\" height=\"215\" src=\"https:\/\/www.ess-rv.de\/wp-content\/uploads\/2025\/07\/2025-07-10-tufa-1280-002-215x215.jpg\" class=\"attachment-thumbnail size-thumbnail\" alt=\"\" \/><\/a>\n\t\t\t<\/div><\/figure><figure class='gallery-item'>\n\t\t\t<div class='gallery-icon portrait'>\n\t\t\t\t<a href='https:\/\/www.ess-rv.de\/wp-content\/uploads\/2025\/07\/2025-07-10-tufa-1280-003.jpg'><img loading=\"lazy\" decoding=\"async\" width=\"215\" height=\"215\" src=\"https:\/\/www.ess-rv.de\/wp-content\/uploads\/2025\/07\/2025-07-10-tufa-1280-003-215x215.jpg\" class=\"attachment-thumbnail size-thumbnail\" alt=\"\" \/><\/a>\n\t\t\t<\/div><\/figure><figure class='gallery-item'>\n\t\t\t<div class='gallery-icon landscape'>\n\t\t\t\t<a href='https:\/\/www.ess-rv.de\/wp-content\/uploads\/2025\/07\/2025-07-10-tufa-1280-001.jpg'><img loading=\"lazy\" decoding=\"async\" width=\"215\" height=\"215\" src=\"https:\/\/www.ess-rv.de\/wp-content\/uploads\/2025\/07\/2025-07-10-tufa-1280-001-215x215.jpg\" class=\"attachment-thumbnail size-thumbnail\" alt=\"\" \/><\/a>\n\t\t\t<\/div><\/figure>\n\t\t<\/div>\nSo ruatelig!!! Drei Sch\u00fclerinnen der Edith-Stein-Schule sind bei den Turmfalken: Miriam Kassner, Isabella Steidle und Johanna Kobalske aus den Eingangsklassen des Sozialwissenschaftlichen Gymnasiums. Treffen k\u00f6nnt ihr die Tufas am Rutensamstag, um 13 Uhr, in der Bachstra\u00dfe und beim Festzug.. und nat\u00fcrlich an vielen weiteren Orten! Wir w\u00fcnschen unseren Tufas und allen Sch\u00fclerinnen und Sch\u00fclern scheene Ruata!<\/p>\n","protected":false},"excerpt":{"rendered":"<p>So ruatelig!!! Drei Sch\u00fclerinnen der Edith-Stein-Schule sind bei den Turmfalken: Miriam Kassner, Isabella Steidle und Johanna Kobalske aus den Eingangsklassen des Sozialwissenschaftlichen Gymnasiums. Treffen k\u00f6nnt ihr die Tufas am Rutensamstag, um 13 Uhr, in der Bachstra\u00dfe und beim Festzug.. und nat\u00fcrlich an vielen weiteren Orten! Wir w\u00fcnschen unseren Tufas und allen Sch\u00fclerinnen und Sch\u00fclern scheene &hellip; <a href=\"https:\/\/www.ess-rv.de\/?p=9623\" class=\"more-link\"><span class=\"screen-reader-text\">Scheene Ruata!<\/span> weiterlesen <span class=\"meta-nav\">&rarr;<\/span><\/a><\/p>\n","protected":false},"author":3,"featured_media":0,"comment_status":"closed","ping_status":"closed","sticky":false,"template":"","format":"standard","meta":{"footnotes":"","_links_to":"","_links_to_target":""},"categories":[18,29,2,200,201,202,203,198],"tags":[492,148,49,130],"class_list":["post-9623","post","type-post","status-publish","format-standard","hentry","category-ausserschulische-veranstaltung","category-berufliche-gymnasien","category-bildungsangebot","category-btg","category-eg","category-gg","category-sg","category-standort-ravensburg","tag-2024-2025","tag-berufliche-gymnasien","tag-ravensburg","tag-rutenfest"],"_links":{"self":[{"href":"https:\/\/www.ess-rv.de\/index.php?rest_route=\/wp\/v2\/posts\/9623","targetHints":{"allow":["GET"]}}],"collection":[{"href":"https:\/\/www.ess-rv.de\/index.php?rest_route=\/wp\/v2\/posts"}],"about":[{"href":"https:\/\/www.ess-rv.de\/index.php?rest_route=\/wp\/v2\/types\/post"}],"author":[{"embeddable":true,"href":"https:\/\/www.ess-rv.de\/index.php?rest_route=\/wp\/v2\/users\/3"}],"replies":[{"embeddable":true,"href":"https:\/\/www.ess-rv.de\/index.php?rest_route=%2Fwp%2Fv2%2Fcomments&post=9623"}],"version-history":[{"count":2,"href":"https:\/\/www.ess-rv.de\/index.php?rest_route=\/wp\/v2\/posts\/9623\/revisions"}],"predecessor-version":[{"id":9628,"href":"https:\/\/www.ess-rv.de\/index.php?rest_route=\/wp\/v2\/posts\/9623\/revisions\/9628"}],"wp:attachment":[{"href":"https:\/\/www.ess-rv.de\/index.php?rest_route=%2Fwp%2Fv2%2Fmedia&parent=9623"}],"wp:term":[{"taxonomy":"category","embeddable":true,"href":"https:\/\/www.ess-rv.de\/index.php?rest_route=%2Fwp%2Fv2%2Fcategories&post=9623"},{"taxonomy":"post_tag","embeddable":true,"href":"https:\/\/www.ess-rv.de\/index.php?rest_route=%2Fwp%2Fv2%2Ftags&post=9623"}],"curies":[{"name":"wp","href":"https:\/\/api.w.org\/{rel}","templated":true}]}}