{"id":9638,"date":"2025-07-30T07:01:42","date_gmt":"2025-07-30T05:01:42","guid":{"rendered":"https:\/\/www.ess-rv.de\/?p=9638"},"modified":"2025-07-24T17:59:02","modified_gmt":"2025-07-24T15:59:02","slug":"starkes-maedelsteam-beim-landesfinale-klettern","status":"publish","type":"post","link":"https:\/\/www.ess-rv.de\/?p=9638","title":{"rendered":"Starkes M\u00e4delsteam beim Landesfinale Klettern"},"content":{"rendered":"<p><div id='gallery-1' class='gallery galleryid-9638 gallery-columns-3 gallery-size-thumbnail'><figure class='gallery-item'>\n\t\t\t<div class='gallery-icon landscape'>\n\t\t\t\t<a href='https:\/\/www.ess-rv.de\/wp-content\/uploads\/2025\/07\/2025-07-24-klettern-1280-003.jpeg'><img loading=\"lazy\" decoding=\"async\" width=\"215\" height=\"215\" src=\"https:\/\/www.ess-rv.de\/wp-content\/uploads\/2025\/07\/2025-07-24-klettern-1280-003-215x215.jpeg\" class=\"attachment-thumbnail size-thumbnail\" alt=\"\" \/><\/a>\n\t\t\t<\/div><\/figure><figure class='gallery-item'>\n\t\t\t<div class='gallery-icon portrait'>\n\t\t\t\t<a href='https:\/\/www.ess-rv.de\/wp-content\/uploads\/2025\/07\/2025-07-24-klettern-1280-002.jpeg'><img loading=\"lazy\" decoding=\"async\" width=\"215\" height=\"215\" src=\"https:\/\/www.ess-rv.de\/wp-content\/uploads\/2025\/07\/2025-07-24-klettern-1280-002-215x215.jpeg\" class=\"attachment-thumbnail size-thumbnail\" alt=\"\" \/><\/a>\n\t\t\t<\/div><\/figure><figure class='gallery-item'>\n\t\t\t<div class='gallery-icon landscape'>\n\t\t\t\t<a href='https:\/\/www.ess-rv.de\/wp-content\/uploads\/2025\/07\/2025-07-24-klettern-1280-001.jpeg'><img loading=\"lazy\" decoding=\"async\" width=\"215\" height=\"215\" src=\"https:\/\/www.ess-rv.de\/wp-content\/uploads\/2025\/07\/2025-07-24-klettern-1280-001-215x215.jpeg\" class=\"attachment-thumbnail size-thumbnail\" alt=\"\" \/><\/a>\n\t\t\t<\/div><\/figure>\n\t\t<\/div>\nWir waren dabei &#8211; beim gr\u00f6\u00dften Landesfinale jemals in Baden W\u00fcrttemberg! Zusammen mit \u00fcber 3000 Athlet*innen konnten wir als einziges reines M\u00e4delsteam beim Klettern teilnehmen. Zusammen mit den Aulendorfern \u201eSquirrels\u201c von der Schule am Schlosspark fuhren wir bereits am Dienstagnachmittag nach Bad Cannstatt, wo wir gemeinsam in einer Jugendherberge \u00fcbernachten durften.<!--more--><\/p>\n<p>Als gemeinsames Team ging es dann am Mittwochmorgen mit dem Olympiaexpress nach Bietigheim-Bissingen. Dort wartete eine beeindruckende Er\u00f6ffnungsfeier mit den Athlet*innen aller anderen Sportarten auf uns. Im Anschluss ging es dann mit dem Bus und den anderen Kletterteams aus ganz Baden W\u00fcrttemberg in die Kletterhalle Griffwerk nach Ludwigsburg. Dort hatten wir einen aufregenden Tag mit sportlichen Herausforderungen und tollen Momenten. Am Ende waren wir sehr zufrieden mit unserem erreichten 4. Platz.<\/p>\n<p>Sowohl wir als auch die \u201eSquirrels\u201c fuhren mit einem guten Gef\u00fchl wieder zur\u00fcck nach Bietigheim-Bissingen in die EgeTransArena, wo nach einer kurzen St\u00e4rkung, noch die Abschlussfeier stattfand. Vielen Dank noch an Luisa Thomas, die uns w\u00e4hrend der ganzen Zeit betreute und uns immer mit guten Tipps zur Seite stand.<\/p>\n","protected":false},"excerpt":{"rendered":"<p>Wir waren dabei &#8211; beim gr\u00f6\u00dften Landesfinale jemals in Baden W\u00fcrttemberg! Zusammen mit \u00fcber 3000 Athlet*innen konnten wir als einziges reines M\u00e4delsteam beim Klettern teilnehmen. Zusammen mit den Aulendorfern \u201eSquirrels\u201c von der Schule am Schlosspark fuhren wir bereits am Dienstagnachmittag nach Bad Cannstatt, wo wir gemeinsam in einer Jugendherberge \u00fcbernachten durften.<\/p>\n","protected":false},"author":3,"featured_media":0,"comment_status":"closed","ping_status":"closed","sticky":false,"template":"","format":"standard","meta":{"footnotes":"","_links_to":"","_links_to_target":""},"categories":[18,29,2,200,201,202,474,203,19,198,33,53],"tags":[492,148,475,21,49,217],"class_list":["post-9638","post","type-post","status-publish","format-standard","hentry","category-ausserschulische-veranstaltung","category-berufliche-gymnasien","category-bildungsangebot","category-btg","category-eg","category-gg","category-jugend-trainiert","category-sg","category-sport","category-standort-ravensburg","category-veranstaltung","category-wettbewerb","tag-2024-2025","tag-berufliche-gymnasien","tag-jugend-trainiert","tag-klettern","tag-ravensburg","tag-sport"],"_links":{"self":[{"href":"https:\/\/www.ess-rv.de\/index.php?rest_route=\/wp\/v2\/posts\/9638","targetHints":{"allow":["GET"]}}],"collection":[{"href":"https:\/\/www.ess-rv.de\/index.php?rest_route=\/wp\/v2\/posts"}],"about":[{"href":"https:\/\/www.ess-rv.de\/index.php?rest_route=\/wp\/v2\/types\/post"}],"author":[{"embeddable":true,"href":"https:\/\/www.ess-rv.de\/index.php?rest_route=\/wp\/v2\/users\/3"}],"replies":[{"embeddable":true,"href":"https:\/\/www.ess-rv.de\/index.php?rest_route=%2Fwp%2Fv2%2Fcomments&post=9638"}],"version-history":[{"count":7,"href":"https:\/\/www.ess-rv.de\/index.php?rest_route=\/wp\/v2\/posts\/9638\/revisions"}],"predecessor-version":[{"id":9653,"href":"https:\/\/www.ess-rv.de\/index.php?rest_route=\/wp\/v2\/posts\/9638\/revisions\/9653"}],"wp:attachment":[{"href":"https:\/\/www.ess-rv.de\/index.php?rest_route=%2Fwp%2Fv2%2Fmedia&parent=9638"}],"wp:term":[{"taxonomy":"category","embeddable":true,"href":"https:\/\/www.ess-rv.de\/index.php?rest_route=%2Fwp%2Fv2%2Fcategories&post=9638"},{"taxonomy":"post_tag","embeddable":true,"href":"https:\/\/www.ess-rv.de\/index.php?rest_route=%2Fwp%2Fv2%2Ftags&post=9638"}],"curies":[{"name":"wp","href":"https:\/\/api.w.org\/{rel}","templated":true}]}}