{"id":9687,"date":"2025-09-09T17:01:45","date_gmt":"2025-09-09T15:01:45","guid":{"rendered":"https:\/\/www.ess-rv.de\/?p=9687"},"modified":"2025-09-09T17:38:27","modified_gmt":"2025-09-09T15:38:27","slug":"lisa-maegerle-ist-oberstkoenigin-2025","status":"publish","type":"post","link":"https:\/\/www.ess-rv.de\/?p=9687","title":{"rendered":"Lisa M\u00e4gerle ist Oberstk\u00f6nigin 2025"},"content":{"rendered":"<p><a href=\"https:\/\/www.ess-rv.de\/wp-content\/uploads\/2025\/09\/2025-09-09-oberstkoenigin-1280-001.jpg\"><img loading=\"lazy\" decoding=\"async\" src=\"https:\/\/www.ess-rv.de\/wp-content\/uploads\/2025\/09\/2025-09-09-oberstkoenigin-1280-001-225x300.jpg\" alt=\"\" width=\"225\" height=\"300\" class=\"alignright size-medium wp-image-9688\" srcset=\"https:\/\/www.ess-rv.de\/wp-content\/uploads\/2025\/09\/2025-09-09-oberstkoenigin-1280-001-225x300.jpg 225w, https:\/\/www.ess-rv.de\/wp-content\/uploads\/2025\/09\/2025-09-09-oberstkoenigin-1280-001-768x1024.jpg 768w, https:\/\/www.ess-rv.de\/wp-content\/uploads\/2025\/09\/2025-09-09-oberstkoenigin-1280-001-1152x1536.jpg 1152w, https:\/\/www.ess-rv.de\/wp-content\/uploads\/2025\/09\/2025-09-09-oberstkoenigin-1280-001.jpg 1200w\" sizes=\"auto, (max-width: 225px) 100vw, 225px\" \/><\/a>Am Rutenmontag wurde Lisa M\u00e4gerle, Abiturientin der Edith-Stein-Schule, von Oberb\u00fcrgermeister Dr. Daniel Rapp mit dem Ehrentitel Oberstk\u00f6nigin ausgezeichnet. Diese Ehrung w\u00fcrdigt ihr herausragendes Engagement im Schulsanit\u00e4tsdienst, im Kinderregenwaldteam, beim Sportabitur, im kleinen Orchester bei Schulveranstaltungen sowie ihr vorbildliches Verhalten im Schulalltag. Besonders hervorzuheben ist ihre sportliche Leistung im Badminton-Schulteam \u201eJugend trainiert f\u00fcr Olympia\u201c, das beim Bundeswettbewerb den ersten Platz belegte. Auch au\u00dferhalb der Schule zeigte sie gro\u00dfes ehrenamtliches Engagement &#8211; im Musikverein, im Ferienlagers Gr\u00fcnkraut sowie im Fu\u00dfballverein in Tettnang. Die Edith-Stein-Schule gratuliert Lisa sehr herzlich zu dieser besonderen Auszeichnung.<\/p>\n","protected":false},"excerpt":{"rendered":"<p>Am Rutenmontag wurde Lisa M\u00e4gerle, Abiturientin der Edith-Stein-Schule, von Oberb\u00fcrgermeister Dr. Daniel Rapp mit dem Ehrentitel Oberstk\u00f6nigin ausgezeichnet. Diese Ehrung w\u00fcrdigt ihr herausragendes Engagement im Schulsanit\u00e4tsdienst, im Kinderregenwaldteam, beim Sportabitur, im kleinen Orchester bei Schulveranstaltungen sowie ihr vorbildliches Verhalten im Schulalltag. Besonders hervorzuheben ist ihre sportliche Leistung im Badminton-Schulteam \u201eJugend trainiert f\u00fcr Olympia\u201c, das beim &hellip; <a href=\"https:\/\/www.ess-rv.de\/?p=9687\" class=\"more-link\"><span class=\"screen-reader-text\">Lisa M\u00e4gerle ist Oberstk\u00f6nigin 2025<\/span> weiterlesen <span class=\"meta-nav\">&rarr;<\/span><\/a><\/p>\n","protected":false},"author":3,"featured_media":0,"comment_status":"closed","ping_status":"closed","sticky":false,"template":"","format":"standard","meta":{"footnotes":"","_links_to":"","_links_to_target":""},"categories":[29,2,152,202,203,47,33],"tags":[492,148,64,50,49],"class_list":["post-9687","post","type-post","status-publish","format-standard","hentry","category-berufliche-gymnasien","category-bildungsangebot","category-ehrung","category-gg","category-sg","category-soziales-engagement","category-veranstaltung","tag-2024-2025","tag-berufliche-gymnasien","tag-ehrung","tag-engagement","tag-ravensburg"],"_links":{"self":[{"href":"https:\/\/www.ess-rv.de\/index.php?rest_route=\/wp\/v2\/posts\/9687","targetHints":{"allow":["GET"]}}],"collection":[{"href":"https:\/\/www.ess-rv.de\/index.php?rest_route=\/wp\/v2\/posts"}],"about":[{"href":"https:\/\/www.ess-rv.de\/index.php?rest_route=\/wp\/v2\/types\/post"}],"author":[{"embeddable":true,"href":"https:\/\/www.ess-rv.de\/index.php?rest_route=\/wp\/v2\/users\/3"}],"replies":[{"embeddable":true,"href":"https:\/\/www.ess-rv.de\/index.php?rest_route=%2Fwp%2Fv2%2Fcomments&post=9687"}],"version-history":[{"count":3,"href":"https:\/\/www.ess-rv.de\/index.php?rest_route=\/wp\/v2\/posts\/9687\/revisions"}],"predecessor-version":[{"id":9691,"href":"https:\/\/www.ess-rv.de\/index.php?rest_route=\/wp\/v2\/posts\/9687\/revisions\/9691"}],"wp:attachment":[{"href":"https:\/\/www.ess-rv.de\/index.php?rest_route=%2Fwp%2Fv2%2Fmedia&parent=9687"}],"wp:term":[{"taxonomy":"category","embeddable":true,"href":"https:\/\/www.ess-rv.de\/index.php?rest_route=%2Fwp%2Fv2%2Fcategories&post=9687"},{"taxonomy":"post_tag","embeddable":true,"href":"https:\/\/www.ess-rv.de\/index.php?rest_route=%2Fwp%2Fv2%2Ftags&post=9687"}],"curies":[{"name":"wp","href":"https:\/\/api.w.org\/{rel}","templated":true}]}}