{"id":9742,"date":"2025-10-06T17:23:17","date_gmt":"2025-10-06T15:23:17","guid":{"rendered":"https:\/\/www.ess-rv.de\/?p=9742"},"modified":"2025-10-07T09:36:07","modified_gmt":"2025-10-07T07:36:07","slug":"kollegenausflug-im-schuljahr-2025-26","status":"publish","type":"post","link":"https:\/\/www.ess-rv.de\/?p=9742","title":{"rendered":"Kollegenausflug im Schuljahr 2025\/26"},"content":{"rendered":"<p><a href=\"https:\/\/www.ess-rv.de\/wp-content\/uploads\/2025\/10\/2025-10-06-10-kollegenausflug-1280-001.jpg\"><img loading=\"lazy\" decoding=\"async\" src=\"https:\/\/www.ess-rv.de\/wp-content\/uploads\/2025\/10\/2025-10-06-10-kollegenausflug-1280-001-215x215.jpg\" alt=\"\" width=\"215\" height=\"215\" class=\"alignright size-thumbnail wp-image-9745\" \/><\/a>Beim diesj\u00e4hrigen Lehrerausflug durften die Kolleginnen und Kollegen aus vier Programmpunkten w\u00e4hlen, sodass alle nach pers\u00f6nlichem Interesse ausw\u00e4hlen konnte, wo es nach dem gemeinsamen Mittagessen hingeht. <\/p>\n<ul>\n<li>Eine Gruppe lie&szlig; sich die Ravensburger Innenstadt bei einer Stadtf\u00fchrung zeigen. Trotz kaltem Wetter kamen die Teilnehmer*innen auf ihre Kosten und lernten einiges Neues \u00fcber die Geschichte unseres Schulortes.<\/li>\n<li>Bei einer Betriebsf\u00fchrung bei Kambly durften die Kolleg*innen vom Band naschen, sich \u00fcber die Produktion der leckeren Kekse und die Ausbildungsm\u00f6glichkeiten informieren.<\/li>\n<li>Eine F\u00fchrung bei Omira f\u00fchrte ebenfalls in die Produktion und den Hygienebereich. Auch hier durfte gekostet werden und alle Fragen zum Betrieb wurden beantwortet.<\/li>\n<li>Im ZfP wurde die Gruppe von drei Mitarbeiter*innen \u00fcber das Gel\u00e4nde gef\u00fchrt und alle Fragen zu Ausbildung, Behandlungen und Schwerpunkten des ZfP wurden gekl\u00e4rt. <\/li>\n<\/ul>\n<p>Ein gemeinsamer Abschluss im Caf\u00e9 Fiete und Frieda in Ravensburg gab Raum von den unterschiedlichen Erlebnissen zu berichten und sich auszutauschen. Vielen Dank an die Betriebe, die den diesj\u00e4hrigen Lehrerausflug zu etwas ganz Besonderem gemacht haben! <\/p>\n","protected":false},"excerpt":{"rendered":"<p>Beim diesj\u00e4hrigen Lehrerausflug durften die Kolleginnen und Kollegen aus vier Programmpunkten w\u00e4hlen, sodass alle nach pers\u00f6nlichem Interesse ausw\u00e4hlen konnte, wo es nach dem gemeinsamen Mittagessen hingeht. Eine Gruppe lie&szlig; sich die Ravensburger Innenstadt bei einer Stadtf\u00fchrung zeigen. Trotz kaltem Wetter kamen die Teilnehmer*innen auf ihre Kosten und lernten einiges Neues \u00fcber die Geschichte unseres Schulortes. &hellip; <a href=\"https:\/\/www.ess-rv.de\/?p=9742\" class=\"more-link\"><span class=\"screen-reader-text\">Kollegenausflug im Schuljahr 2025\/26<\/span> weiterlesen <span class=\"meta-nav\">&rarr;<\/span><\/a><\/p>\n","protected":false},"author":3,"featured_media":0,"comment_status":"closed","ping_status":"closed","sticky":false,"template":"","format":"standard","meta":{"footnotes":"","_links_to":"","_links_to_target":""},"categories":[18,2,190,197,198],"tags":[503,70,254,49],"class_list":["post-9742","post","type-post","status-publish","format-standard","hentry","category-ausserschulische-veranstaltung","category-bildungsangebot","category-exkursion","category-standort-aulendorf","category-standort-ravensburg","tag-2025-2026","tag-aulendorf","tag-exkursion","tag-ravensburg"],"_links":{"self":[{"href":"https:\/\/www.ess-rv.de\/index.php?rest_route=\/wp\/v2\/posts\/9742","targetHints":{"allow":["GET"]}}],"collection":[{"href":"https:\/\/www.ess-rv.de\/index.php?rest_route=\/wp\/v2\/posts"}],"about":[{"href":"https:\/\/www.ess-rv.de\/index.php?rest_route=\/wp\/v2\/types\/post"}],"author":[{"embeddable":true,"href":"https:\/\/www.ess-rv.de\/index.php?rest_route=\/wp\/v2\/users\/3"}],"replies":[{"embeddable":true,"href":"https:\/\/www.ess-rv.de\/index.php?rest_route=%2Fwp%2Fv2%2Fcomments&post=9742"}],"version-history":[{"count":6,"href":"https:\/\/www.ess-rv.de\/index.php?rest_route=\/wp\/v2\/posts\/9742\/revisions"}],"predecessor-version":[{"id":9751,"href":"https:\/\/www.ess-rv.de\/index.php?rest_route=\/wp\/v2\/posts\/9742\/revisions\/9751"}],"wp:attachment":[{"href":"https:\/\/www.ess-rv.de\/index.php?rest_route=%2Fwp%2Fv2%2Fmedia&parent=9742"}],"wp:term":[{"taxonomy":"category","embeddable":true,"href":"https:\/\/www.ess-rv.de\/index.php?rest_route=%2Fwp%2Fv2%2Fcategories&post=9742"},{"taxonomy":"post_tag","embeddable":true,"href":"https:\/\/www.ess-rv.de\/index.php?rest_route=%2Fwp%2Fv2%2Ftags&post=9742"}],"curies":[{"name":"wp","href":"https:\/\/api.w.org\/{rel}","templated":true}]}}