{"id":9753,"date":"2025-10-13T14:39:49","date_gmt":"2025-10-13T12:39:49","guid":{"rendered":"https:\/\/www.ess-rv.de\/?p=9753"},"modified":"2025-10-14T08:29:23","modified_gmt":"2025-10-14T06:29:23","slug":"fotoausstellung-angekommen","status":"publish","type":"post","link":"https:\/\/www.ess-rv.de\/?p=9753","title":{"rendered":"Fotoausstellung &#8222;Angekommen&#8220;"},"content":{"rendered":"<p><a href=\"https:\/\/www.ess-rv.de\/wp-content\/uploads\/2025\/10\/2025-10-13-10-av1a-exkusion-1280-001.jpg\"><img loading=\"lazy\" decoding=\"async\" src=\"https:\/\/www.ess-rv.de\/wp-content\/uploads\/2025\/10\/2025-10-13-10-av1a-exkusion-1280-001-300x225.jpg\" alt=\"\" width=\"300\" height=\"225\" class=\"alignright size-medium wp-image-9754\" srcset=\"https:\/\/www.ess-rv.de\/wp-content\/uploads\/2025\/10\/2025-10-13-10-av1a-exkusion-1280-001-300x225.jpg 300w, https:\/\/www.ess-rv.de\/wp-content\/uploads\/2025\/10\/2025-10-13-10-av1a-exkusion-1280-001-1024x769.jpg 1024w, https:\/\/www.ess-rv.de\/wp-content\/uploads\/2025\/10\/2025-10-13-10-av1a-exkusion-1280-001-768x577.jpg 768w, https:\/\/www.ess-rv.de\/wp-content\/uploads\/2025\/10\/2025-10-13-10-av1a-exkusion-1280-001-1536x1153.jpg 1536w, https:\/\/www.ess-rv.de\/wp-content\/uploads\/2025\/10\/2025-10-13-10-av1a-exkusion-1280-001.jpg 1598w\" sizes=\"auto, (max-width: 300px) 100vw, 300px\" \/><\/a>Angekommen &#8211; das sind nicht nur die 19 Sch\u00fclerinnen und Sch\u00fcler in ihrer neuen Klasse AV1a, sondern so hei\u00dft auch eine Fotoausstellung, die derzeit an der VHS Ravensburg zu sehen ist. Sie portraitiert Menschen mit Migrationshintergrund, die in Bad Waldsee ein neues Zuhause gefunden haben. Diese ganz pers\u00f6nlichen Geschichten \u00fcber Flucht, Hoffnung und Neuanfang ber\u00fchren und helfen, Vorurteile sowie \u00c4ngste vor dem Fremden abzubauen. Mit der sehr kurzweiligen F\u00fchrung durch die Ausstellung gelang es Frau Lang (Stadt Ravensburg) und Frau Pfaller (VHS Ravensburg), die Sch\u00fclerinnen und Sch\u00fcler zum Nachdenken \u00fcber ihre eigene Fluchtgeschichte und das Ankommen in der neuen Heimat anzuregen.<\/p>\n","protected":false},"excerpt":{"rendered":"<p>Angekommen &#8211; das sind nicht nur die 19 Sch\u00fclerinnen und Sch\u00fcler in ihrer neuen Klasse AV1a, sondern so hei\u00dft auch eine Fotoausstellung, die derzeit an der VHS Ravensburg zu sehen ist. Sie portraitiert Menschen mit Migrationshintergrund, die in Bad Waldsee ein neues Zuhause gefunden haben. Diese ganz pers\u00f6nlichen Geschichten \u00fcber Flucht, Hoffnung und Neuanfang ber\u00fchren &hellip; <a href=\"https:\/\/www.ess-rv.de\/?p=9753\" class=\"more-link\"><span class=\"screen-reader-text\">Fotoausstellung &#8222;Angekommen&#8220;<\/span> weiterlesen <span class=\"meta-nav\">&rarr;<\/span><\/a><\/p>\n","protected":false},"author":3,"featured_media":0,"comment_status":"closed","ping_status":"closed","sticky":false,"template":"","format":"standard","meta":{"footnotes":"","_links_to":"","_links_to_target":""},"categories":[18,194,457,30,2,190,198],"tags":[503,458,254,49],"class_list":["post-9753","post","type-post","status-publish","format-standard","hentry","category-ausserschulische-veranstaltung","category-ausstellung","category-avdual","category-berufsfachschule","category-bildungsangebot","category-exkursion","category-standort-ravensburg","tag-2025-2026","tag-avdual","tag-exkursion","tag-ravensburg"],"_links":{"self":[{"href":"https:\/\/www.ess-rv.de\/index.php?rest_route=\/wp\/v2\/posts\/9753","targetHints":{"allow":["GET"]}}],"collection":[{"href":"https:\/\/www.ess-rv.de\/index.php?rest_route=\/wp\/v2\/posts"}],"about":[{"href":"https:\/\/www.ess-rv.de\/index.php?rest_route=\/wp\/v2\/types\/post"}],"author":[{"embeddable":true,"href":"https:\/\/www.ess-rv.de\/index.php?rest_route=\/wp\/v2\/users\/3"}],"replies":[{"embeddable":true,"href":"https:\/\/www.ess-rv.de\/index.php?rest_route=%2Fwp%2Fv2%2Fcomments&post=9753"}],"version-history":[{"count":2,"href":"https:\/\/www.ess-rv.de\/index.php?rest_route=\/wp\/v2\/posts\/9753\/revisions"}],"predecessor-version":[{"id":9761,"href":"https:\/\/www.ess-rv.de\/index.php?rest_route=\/wp\/v2\/posts\/9753\/revisions\/9761"}],"wp:attachment":[{"href":"https:\/\/www.ess-rv.de\/index.php?rest_route=%2Fwp%2Fv2%2Fmedia&parent=9753"}],"wp:term":[{"taxonomy":"category","embeddable":true,"href":"https:\/\/www.ess-rv.de\/index.php?rest_route=%2Fwp%2Fv2%2Fcategories&post=9753"},{"taxonomy":"post_tag","embeddable":true,"href":"https:\/\/www.ess-rv.de\/index.php?rest_route=%2Fwp%2Fv2%2Ftags&post=9753"}],"curies":[{"name":"wp","href":"https:\/\/api.w.org\/{rel}","templated":true}]}}