{"id":9762,"date":"2025-10-20T15:10:16","date_gmt":"2025-10-20T13:10:16","guid":{"rendered":"https:\/\/www.ess-rv.de\/?p=9762"},"modified":"2025-10-20T15:11:01","modified_gmt":"2025-10-20T13:11:01","slug":"schuelerinnen-beim-marathonlauf-in-graz","status":"publish","type":"post","link":"https:\/\/www.ess-rv.de\/?p=9762","title":{"rendered":"Sch\u00fclerinnen beim Marathonlauf in Graz"},"content":{"rendered":"<p><div id='gallery-1' class='gallery galleryid-9762 gallery-columns-3 gallery-size-thumbnail'><figure class='gallery-item'>\n\t\t\t<div class='gallery-icon landscape'>\n\t\t\t\t<a href='https:\/\/www.ess-rv.de\/wp-content\/uploads\/2025\/10\/2025-10-20-10-ravensburglaeuft-1280-001.jpg'><img loading=\"lazy\" decoding=\"async\" width=\"215\" height=\"215\" src=\"https:\/\/www.ess-rv.de\/wp-content\/uploads\/2025\/10\/2025-10-20-10-ravensburglaeuft-1280-001-215x215.jpg\" class=\"attachment-thumbnail size-thumbnail\" alt=\"\" \/><\/a>\n\t\t\t<\/div><\/figure><figure class='gallery-item'>\n\t\t\t<div class='gallery-icon landscape'>\n\t\t\t\t<a href='https:\/\/www.ess-rv.de\/wp-content\/uploads\/2025\/10\/2025-10-20-10-ravensburglaeuft-1280-004.jpg'><img loading=\"lazy\" decoding=\"async\" width=\"215\" height=\"215\" src=\"https:\/\/www.ess-rv.de\/wp-content\/uploads\/2025\/10\/2025-10-20-10-ravensburglaeuft-1280-004-215x215.jpg\" class=\"attachment-thumbnail size-thumbnail\" alt=\"\" \/><\/a>\n\t\t\t<\/div><\/figure><figure class='gallery-item'>\n\t\t\t<div class='gallery-icon landscape'>\n\t\t\t\t<a href='https:\/\/www.ess-rv.de\/wp-content\/uploads\/2025\/10\/2025-10-20-10-ravensburglaeuft-1280-003.jpg'><img loading=\"lazy\" decoding=\"async\" width=\"215\" height=\"215\" src=\"https:\/\/www.ess-rv.de\/wp-content\/uploads\/2025\/10\/2025-10-20-10-ravensburglaeuft-1280-003-215x215.jpg\" class=\"attachment-thumbnail size-thumbnail\" alt=\"\" \/><\/a>\n\t\t\t<\/div><\/figure>\n\t\t<\/div>\nGanz im Sinne von Will Smith: \u201eDas Leben wird nicht an der Anzahl unserer Atemz\u00fcge gemessen, sondern an den Momenten, die uns den Atem rauben\u201c ging es dieses Jahr zum atemraubenden Laufevent ins atemberaubende Graz. Zusammen mit der Initiative \u201eRavensburg l\u00e4uft f\u00fcr Toleranz\u201c konnten Sch\u00fclerinnen nach \u00d6sterreich reisen, um am Marathonlauf in Graz teilzunehmen. Diese Initiative verbindet Sport, gesellschaftliche und politische Bildung mit einer j\u00e4hrlichen Reise in eine europ\u00e4ische Metropole, um dort bei einem Laufevent teilzunehmen. <!--more--><\/p>\n<p>Seit zehn Jahren nehmen regelm\u00e4\u00dfig Sch\u00fcler*innen der Edith-Stein-Schule, und dieses Jahr erstmals der Humpis-Schule, daran teil. Der sportliche H\u00f6hepunkt wurde wieder durch ein umfangreiches Programm umrahmt. Dazu geh\u00f6rten kulturellen Highlights, wie der Besuch des Grazer Kunsthauses, das auch \u201efriendly Alien\u201c genannt wird, aber auch eine Diskussionsrunde mit einem Vertreter der \u201eOffensive gegen Rechts\u201c, dem Besuch des gemeinn\u00fctziger Verein Atempo, der Menschen mit Behinderung hilft ihren Weg ins Arbeitsleben zu finden und auch ein Gespr\u00e4ch mit KP\u00d6 (kommunistische Partei \u00d6sterreich) Vorsitzendem Robert Krotzer, der uns Einblicke in Arbeit der Partei gegeben hat. Die KP\u00d6 hat im Gemeinderat 15 Sitze und ist damit momentan die st\u00e4rkste Partei im Gemeinderat. Abgesehen davon konnten wir bei sch\u00f6nstem Wetter unsere Laufwettk\u00e4mpfe (5km, 10km, Halbmarathon oder Marathon) in vollem Ma\u00dfe genie\u00dfen und sind alle erfolgreich und gesund im Ziel angekommen.<\/p>\n<p>Kommentare einiger Teilnehmer: <\/p>\n<blockquote><p>\u201eUnser Besuch im Kunsthaus Graz war echt beeindruckend. Schon das Geb\u00e4ude selbst mit seiner au\u00dferirdischen Form ist ein Kunstwerk. Besonders den Gang im Inneren fand ich toll. Ich kann jedem empfehlen, dort einmal hinzugehen. Auch wer sonst nicht so viel mit Kunst zu tun hat, wird \u00fcberrascht sein, wie spannend moderne Kunst sein kann\u201c<\/p><\/blockquote>\n<blockquote><p>\u201eIch fand vor allem das Miteinander toll. Ich habe tolle und sehr interessante Menschen kennengelernt sowohl in der Gruppe als auch vor Ort und durch das vielseitige Programm spannende Einblicke in verschiedene Bereiche bekommen. Vor allem Atempo und ihre Arbeit mit Menschen mit Behinderung hat mich sehr beeindruckt\u201c<\/p><\/blockquote>\n","protected":false},"excerpt":{"rendered":"<p>Ganz im Sinne von Will Smith: \u201eDas Leben wird nicht an der Anzahl unserer Atemz\u00fcge gemessen, sondern an den Momenten, die uns den Atem rauben\u201c ging es dieses Jahr zum atemraubenden Laufevent ins atemberaubende Graz. Zusammen mit der Initiative \u201eRavensburg l\u00e4uft f\u00fcr Toleranz\u201c konnten Sch\u00fclerinnen nach \u00d6sterreich reisen, um am Marathonlauf in Graz teilzunehmen. Diese &hellip; <a href=\"https:\/\/www.ess-rv.de\/?p=9762\" class=\"more-link\"><span class=\"screen-reader-text\">Sch\u00fclerinnen beim Marathonlauf in Graz<\/span> weiterlesen <span class=\"meta-nav\">&rarr;<\/span><\/a><\/p>\n","protected":false},"author":3,"featured_media":0,"comment_status":"closed","ping_status":"closed","sticky":false,"template":"","format":"standard","meta":{"footnotes":"","_links_to":"","_links_to_target":""},"categories":[18,29,2,200,201,202,474,203,47,19,197,198,33,53],"tags":[503,70,148,50,49,217,84],"class_list":["post-9762","post","type-post","status-publish","format-standard","hentry","category-ausserschulische-veranstaltung","category-berufliche-gymnasien","category-bildungsangebot","category-btg","category-eg","category-gg","category-jugend-trainiert","category-sg","category-soziales-engagement","category-sport","category-standort-aulendorf","category-standort-ravensburg","category-veranstaltung","category-wettbewerb","tag-2025-2026","tag-aulendorf","tag-berufliche-gymnasien","tag-engagement","tag-ravensburg","tag-sport","tag-unesco"],"_links":{"self":[{"href":"https:\/\/www.ess-rv.de\/index.php?rest_route=\/wp\/v2\/posts\/9762","targetHints":{"allow":["GET"]}}],"collection":[{"href":"https:\/\/www.ess-rv.de\/index.php?rest_route=\/wp\/v2\/posts"}],"about":[{"href":"https:\/\/www.ess-rv.de\/index.php?rest_route=\/wp\/v2\/types\/post"}],"author":[{"embeddable":true,"href":"https:\/\/www.ess-rv.de\/index.php?rest_route=\/wp\/v2\/users\/3"}],"replies":[{"embeddable":true,"href":"https:\/\/www.ess-rv.de\/index.php?rest_route=%2Fwp%2Fv2%2Fcomments&post=9762"}],"version-history":[{"count":4,"href":"https:\/\/www.ess-rv.de\/index.php?rest_route=\/wp\/v2\/posts\/9762\/revisions"}],"predecessor-version":[{"id":9770,"href":"https:\/\/www.ess-rv.de\/index.php?rest_route=\/wp\/v2\/posts\/9762\/revisions\/9770"}],"wp:attachment":[{"href":"https:\/\/www.ess-rv.de\/index.php?rest_route=%2Fwp%2Fv2%2Fmedia&parent=9762"}],"wp:term":[{"taxonomy":"category","embeddable":true,"href":"https:\/\/www.ess-rv.de\/index.php?rest_route=%2Fwp%2Fv2%2Fcategories&post=9762"},{"taxonomy":"post_tag","embeddable":true,"href":"https:\/\/www.ess-rv.de\/index.php?rest_route=%2Fwp%2Fv2%2Ftags&post=9762"}],"curies":[{"name":"wp","href":"https:\/\/api.w.org\/{rel}","templated":true}]}}