{"id":9871,"date":"2025-12-02T09:19:24","date_gmt":"2025-12-02T08:19:24","guid":{"rendered":"https:\/\/www.ess-rv.de\/?p=9871"},"modified":"2025-12-02T09:23:24","modified_gmt":"2025-12-02T08:23:24","slug":"neue-schuelervertretung-steht-fest","status":"publish","type":"post","link":"https:\/\/www.ess-rv.de\/?p=9871","title":{"rendered":"Neue Sch\u00fclervertretung steht fest!"},"content":{"rendered":"<p><a href=\"https:\/\/www.ess-rv.de\/wp-content\/uploads\/2025\/12\/Kernteam-u.-Verbindungsl.-25_26.jpeg\"><img loading=\"lazy\" decoding=\"async\" src=\"https:\/\/www.ess-rv.de\/wp-content\/uploads\/2025\/12\/Kernteam-u.-Verbindungsl.-25_26-240x300.jpeg\" alt=\"\" width=\"240\" height=\"300\" class=\"alignright size-medium wp-image-9869\" srcset=\"https:\/\/www.ess-rv.de\/wp-content\/uploads\/2025\/12\/Kernteam-u.-Verbindungsl.-25_26-240x300.jpeg 240w, https:\/\/www.ess-rv.de\/wp-content\/uploads\/2025\/12\/Kernteam-u.-Verbindungsl.-25_26-819x1024.jpeg 819w, https:\/\/www.ess-rv.de\/wp-content\/uploads\/2025\/12\/Kernteam-u.-Verbindungsl.-25_26-768x960.jpeg 768w, https:\/\/www.ess-rv.de\/wp-content\/uploads\/2025\/12\/Kernteam-u.-Verbindungsl.-25_26.jpeg 880w\" sizes=\"auto, (max-width: 240px) 100vw, 240px\" \/><\/a>Wir freuen uns, den f\u00fcr den Standort Ravensburg neu gew\u00e4hlten Sch\u00fclersprecher Tim-Lucas Leidig und seine Stellvertreterin Nora L\u00fcttmann sowie das Kernteam f\u00fcr dieses Schuljahr vorzustellen! Mit frischen Ideen und viel Engagement werden sie die Interessen der Sch\u00fclerschaft vertreten und spannende Projekte auf den Weg bringen. Ein besonderer Dank gilt auch unseren bew\u00e4hrten Verbindungslehrerinnen, die das Team weiterhin unterst\u00fctzen und begleiten. <\/p>\n<p>Wir w\u00fcnschen allen viel Erfolg und eine tolle Zusammenarbeit!<\/p>\n","protected":false},"excerpt":{"rendered":"<p>Wir freuen uns, den f\u00fcr den Standort Ravensburg neu gew\u00e4hlten Sch\u00fclersprecher Tim-Lucas Leidig und seine Stellvertreterin Nora L\u00fcttmann sowie das Kernteam f\u00fcr dieses Schuljahr vorzustellen! Mit frischen Ideen und viel Engagement werden sie die Interessen der Sch\u00fclerschaft vertreten und spannende Projekte auf den Weg bringen. Ein besonderer Dank gilt auch unseren bew\u00e4hrten Verbindungslehrerinnen, die das &hellip; <a href=\"https:\/\/www.ess-rv.de\/?p=9871\" class=\"more-link\"><span class=\"screen-reader-text\">Neue Sch\u00fclervertretung steht fest!<\/span> weiterlesen <span class=\"meta-nav\">&rarr;<\/span><\/a><\/p>\n","protected":false},"author":3,"featured_media":0,"comment_status":"closed","ping_status":"closed","sticky":false,"template":"","format":"standard","meta":{"footnotes":"","_links_to":"","_links_to_target":""},"categories":[477,232,385,404,422,472,483,18,457,29,30,7,487,2,200,201,202,203,47,198,89],"tags":[503,50,49,178],"class_list":["post-9871","post","type-post","status-publish","format-standard","hentry","category-1bkfh","category-1bkp","category-1bkst","category-2bfh","category-2bfp","category-2bfsa","category-2bkeh","category-ausserschulische-veranstaltung","category-avdual","category-berufliche-gymnasien","category-berufsfachschule","category-berufskolleg","category-bfaid","category-bildungsangebot","category-btg","category-eg","category-gg","category-sg","category-soziales-engagement","category-standort-ravensburg","category-vabo","tag-2025-2026","tag-engagement","tag-ravensburg","tag-smv"],"_links":{"self":[{"href":"https:\/\/www.ess-rv.de\/index.php?rest_route=\/wp\/v2\/posts\/9871","targetHints":{"allow":["GET"]}}],"collection":[{"href":"https:\/\/www.ess-rv.de\/index.php?rest_route=\/wp\/v2\/posts"}],"about":[{"href":"https:\/\/www.ess-rv.de\/index.php?rest_route=\/wp\/v2\/types\/post"}],"author":[{"embeddable":true,"href":"https:\/\/www.ess-rv.de\/index.php?rest_route=\/wp\/v2\/users\/3"}],"replies":[{"embeddable":true,"href":"https:\/\/www.ess-rv.de\/index.php?rest_route=%2Fwp%2Fv2%2Fcomments&post=9871"}],"version-history":[{"count":2,"href":"https:\/\/www.ess-rv.de\/index.php?rest_route=\/wp\/v2\/posts\/9871\/revisions"}],"predecessor-version":[{"id":9874,"href":"https:\/\/www.ess-rv.de\/index.php?rest_route=\/wp\/v2\/posts\/9871\/revisions\/9874"}],"wp:attachment":[{"href":"https:\/\/www.ess-rv.de\/index.php?rest_route=%2Fwp%2Fv2%2Fmedia&parent=9871"}],"wp:term":[{"taxonomy":"category","embeddable":true,"href":"https:\/\/www.ess-rv.de\/index.php?rest_route=%2Fwp%2Fv2%2Fcategories&post=9871"},{"taxonomy":"post_tag","embeddable":true,"href":"https:\/\/www.ess-rv.de\/index.php?rest_route=%2Fwp%2Fv2%2Ftags&post=9871"}],"curies":[{"name":"wp","href":"https:\/\/api.w.org\/{rel}","templated":true}]}}