{"id":9954,"date":"2026-01-22T16:17:40","date_gmt":"2026-01-22T15:17:40","guid":{"rendered":"https:\/\/www.ess-rv.de\/?p=9954"},"modified":"2026-02-02T15:23:17","modified_gmt":"2026-02-02T14:23:17","slug":"9954","status":"publish","type":"post","link":"https:\/\/www.ess-rv.de\/?p=9954","title":{"rendered":""},"content":{"rendered":"<div class=\"ess-bigheader\">ELTERN<strong>&shy;SPRECH&shy;TAG<\/strong><\/div>\n<p>Am Mittwoch, 11. Februar 2026, findet von 17:00 bis 19:30 Uhr der Elternsprechtag an der Edith-Stein-Schule statt. Alle Eltern und Erziehungsberechtigte sind dazu ganz herzlich eingeladen. Nutzen Sie die M\u00f6glichkeit, sich mit den Lehrkr\u00e4ften \u00fcber den Leistungsstand, das Verhalten und ggf. \u00fcber Unterst\u00fctzungsm\u00f6glichkeiten f\u00fcr Ihr Kind auszutauschen. Weitere Informationen k\u00f6nnen Sie der Einladung entnehmen, die Ihnen bereits per E-Mail zugegangen ist [<a href=\"https:\/\/www.ess-rv.de\/wp-content\/uploads\/2026\/01\/Einladung-zum-Elternsprechtag-2025_2026_Homepage.pdf\" target=\"_blank\" download>Download<\/a>]. <\/p>\n","protected":false},"excerpt":{"rendered":"<p>ELTERN&shy;SPRECH&shy;TAG Am Mittwoch, 11. Februar 2026, findet von 17:00 bis 19:30 Uhr der Elternsprechtag an der Edith-Stein-Schule statt. Alle Eltern und Erziehungsberechtigte sind dazu ganz herzlich eingeladen. Nutzen Sie die M\u00f6glichkeit, sich mit den Lehrkr\u00e4ften \u00fcber den Leistungsstand, das Verhalten und ggf. \u00fcber Unterst\u00fctzungsm\u00f6glichkeiten f\u00fcr Ihr Kind auszutauschen. Weitere Informationen k\u00f6nnen Sie der Einladung entnehmen, &hellip; <a href=\"https:\/\/www.ess-rv.de\/?p=9954\" class=\"more-link\"><span class=\"screen-reader-text\"><\/span> weiterlesen <span class=\"meta-nav\">&rarr;<\/span><\/a><\/p>\n","protected":false},"author":3,"featured_media":0,"comment_status":"closed","ping_status":"closed","sticky":false,"template":"","format":"standard","meta":{"footnotes":"","_links_to":"","_links_to_target":""},"categories":[2],"tags":[],"class_list":["post-9954","post","type-post","status-publish","format-standard","hentry","category-bildungsangebot"],"_links":{"self":[{"href":"https:\/\/www.ess-rv.de\/index.php?rest_route=\/wp\/v2\/posts\/9954","targetHints":{"allow":["GET"]}}],"collection":[{"href":"https:\/\/www.ess-rv.de\/index.php?rest_route=\/wp\/v2\/posts"}],"about":[{"href":"https:\/\/www.ess-rv.de\/index.php?rest_route=\/wp\/v2\/types\/post"}],"author":[{"embeddable":true,"href":"https:\/\/www.ess-rv.de\/index.php?rest_route=\/wp\/v2\/users\/3"}],"replies":[{"embeddable":true,"href":"https:\/\/www.ess-rv.de\/index.php?rest_route=%2Fwp%2Fv2%2Fcomments&post=9954"}],"version-history":[{"count":4,"href":"https:\/\/www.ess-rv.de\/index.php?rest_route=\/wp\/v2\/posts\/9954\/revisions"}],"predecessor-version":[{"id":9959,"href":"https:\/\/www.ess-rv.de\/index.php?rest_route=\/wp\/v2\/posts\/9954\/revisions\/9959"}],"wp:attachment":[{"href":"https:\/\/www.ess-rv.de\/index.php?rest_route=%2Fwp%2Fv2%2Fmedia&parent=9954"}],"wp:term":[{"taxonomy":"category","embeddable":true,"href":"https:\/\/www.ess-rv.de\/index.php?rest_route=%2Fwp%2Fv2%2Fcategories&post=9954"},{"taxonomy":"post_tag","embeddable":true,"href":"https:\/\/www.ess-rv.de\/index.php?rest_route=%2Fwp%2Fv2%2Ftags&post=9954"}],"curies":[{"name":"wp","href":"https:\/\/api.w.org\/{rel}","templated":true}]}}